[{"@context":"https:\/\/schema.org\/","@type":"Article","@id":"https:\/\/www.fasc.cz\/uvidite-ze-diky-nam-se-vam-bude-varit-lepe\/#Article","mainEntityOfPage":"https:\/\/www.fasc.cz\/uvidite-ze-diky-nam-se-vam-bude-varit-lepe\/","headline":"Uvid\u00edte, \u017ee d\u00edky n\u00e1m se v\u00e1m bude va\u0159it l\u00e9pe","name":"Uvid\u00edte, \u017ee d\u00edky n\u00e1m se v\u00e1m bude va\u0159it l\u00e9pe","description":"Kupte si novou kuchy\u0148skou linku Je va\u0161\u00edm snem m\u00edt dokonalou modern\u00ed kuchyni, ze kter\u00e9 bude d\u00fdchat luxus? Spl\u0148te si ho s na\u0161\u00ed pomoc\u00ed. Jsme v\u00fdrobci kvalitn\u00edho n\u00e1bytku a vybaven\u00ed dom\u00e1cnost\u00ed a nab\u00edz\u00edme i kuchy\u0148sk\u00e9 linky. Boj\u00edte se, \u017ee si tuto kuchyni nebudete moci dovolit? Nebojte se. Velice kvalitn\u00ed a skv\u011bl\u00e9 kuchy\u0148sk\u00e9 linky Kuchy\u0148sk\u00e9 linkykoup\u00edte ji\u017e [&hellip;]","datePublished":"2025-04-27","dateModified":"2025-04-27","author":{"@type":"Person","@id":"https:\/\/www.fasc.cz\/author\/#Person","name":"","url":"https:\/\/www.fasc.cz\/author\/","identifier":1,"image":{"@type":"ImageObject","@id":"https:\/\/secure.gravatar.com\/avatar\/ac70c9e5ac34d1687bd81eed3e0a5127e2920111fdfe832b53d740bc4b86c4fd?s=96&d=mm&r=g","url":"https:\/\/secure.gravatar.com\/avatar\/ac70c9e5ac34d1687bd81eed3e0a5127e2920111fdfe832b53d740bc4b86c4fd?s=96&d=mm&r=g","height":96,"width":96}},"publisher":{"@type":"Organization","name":"fasc.cz","logo":{"@type":"ImageObject","@id":"\/logo.png","url":"\/logo.png","width":600,"height":60}},"url":"https:\/\/www.fasc.cz\/uvidite-ze-diky-nam-se-vam-bude-varit-lepe\/","wordCount":238,"articleBody":" Kupte si novou kuchy\u0148skou linku Je va\u0161\u00edm snem m\u00edt dokonalou modern\u00ed kuchyni, ze kter\u00e9 bude d\u00fdchat luxus? Spl\u0148te si ho s na\u0161\u00ed pomoc\u00ed. Jsme v\u00fdrobci kvalitn\u00edho n\u00e1bytku a vybaven\u00ed dom\u00e1cnost\u00ed a nab\u00edz\u00edme i kuchy\u0148sk\u00e9 linky. Boj\u00edte se, \u017ee si tuto kuchyni nebudete moci dovolit? Nebojte se. Velice kvalitn\u00ed a skv\u011bl\u00e9 kuchy\u0148sk\u00e9 linky Kuchy\u0148sk\u00e9 linkykoup\u00edte ji\u017e od p\u011bti tis\u00edc korun. Nemus\u00edte si tedy ani br\u00e1t p\u016fj\u010dku a m\u016f\u017eete m\u00edt kr\u00e1snou kuchyni ji\u017e za dva a\u017e p\u011bt t\u00fddn\u016f a s dopravou zdarma. Pokud nebude \u017e\u00e1dn\u00e1 z na\u0161ich linek vyhovovat va\u0161im p\u0159edstav\u00e1m, m\u016f\u017eete si sestavit vlastn\u00ed linku ze sk\u0159\u00edn\u011bk, kter\u00e9 vyr\u00e1b\u00edme. Pokud si budete kupovat linku u n\u00e1s, m\u016f\u017eete si vybrat barvu korpusu i dv\u00ed\u0159ek a to i v p\u0159\u00edpad\u011b, \u017ee si budete sestavovat vlastn\u00ed linku z na\u0161ich sk\u0159\u00edn\u011bk. Kuchy\u0148sk\u00e9 linky od n\u00e1s jsou luxusn\u00ed a dostupn\u00e9 v\u0161em. Nebojte se n\u00e1kupu. Na\u0161e kuchyn\u011b jsou dostupn\u00e9 ka\u017ed\u00e9mu, kdo chce bydlet hezky a modern\u011b. Cel\u00e1 j\u00eddelna od n\u00e1s Pokud chcete, aby va\u0161e kuchyn\u011b ladila i se stolem a \u017eidlemi, nen\u00ed to pro n\u00e1s \u017e\u00e1dn\u00fd probl\u00e9m. V nab\u00eddce m\u00e1me i mnoho variant j\u00eddeln\u00edch sestav.                                                                                                                                                                                                                                                                                                                                                                                                "},{"@context":"https:\/\/schema.org\/","@type":"BreadcrumbList","itemListElement":[{"@type":"ListItem","position":1,"name":"Uvid\u00edte, \u017ee d\u00edky n\u00e1m se v\u00e1m bude va\u0159it l\u00e9pe","item":"https:\/\/www.fasc.cz\/uvidite-ze-diky-nam-se-vam-bude-varit-lepe\/#breadcrumbitem"}]}]