[{"@context":"https:\/\/schema.org\/","@type":"Article","@id":"https:\/\/www.fasc.cz\/pujckou-proti-stradani\/#Article","mainEntityOfPage":"https:\/\/www.fasc.cz\/pujckou-proti-stradani\/","headline":"P\u016fj\u010dkou proti str\u00e1d\u00e1n\u00ed","name":"P\u016fj\u010dkou proti str\u00e1d\u00e1n\u00ed","description":"Ani miliony nezaru\u010d\u00ed nikomu \u0161\u0165astn\u00fd a spokojen\u00fd \u017eivot, i ten, kdo m\u00e1 v\u017edy pen\u011bz na rozhazov\u00e1n\u00ed, m\u016f\u017ee n\u011bjak\u00fdm jin\u00fdm zp\u016fsobem str\u00e1dat. A co\u017e teprve ti, kdo jsou na tom finan\u010dn\u011b b\u00eddn\u011b, kdo nemaj\u00ed nejednou ani na naprosto z\u00e1sadn\u00ed v\u00fddaje, bez nich\u017e nelze pova\u017eovat \u017eivot za norm\u00e1ln\u00ed a snesiteln\u00fd! Ti u\u017e teprve nemaj\u00ed moc d\u016fvod\u016f ke [&hellip;]","datePublished":"2021-11-07","dateModified":"2023-05-06","author":{"@type":"Person","@id":"https:\/\/www.fasc.cz\/author\/#Person","name":"","url":"https:\/\/www.fasc.cz\/author\/","identifier":1,"image":{"@type":"ImageObject","@id":"https:\/\/secure.gravatar.com\/avatar\/ac70c9e5ac34d1687bd81eed3e0a5127e2920111fdfe832b53d740bc4b86c4fd?s=96&d=mm&r=g","url":"https:\/\/secure.gravatar.com\/avatar\/ac70c9e5ac34d1687bd81eed3e0a5127e2920111fdfe832b53d740bc4b86c4fd?s=96&d=mm&r=g","height":96,"width":96}},"publisher":{"@type":"Organization","name":"fasc.cz","logo":{"@type":"ImageObject","@id":"\/logo.png","url":"\/logo.png","width":600,"height":60}},"image":{"@type":"ImageObject","@id":"https:\/\/www.fasc.cz\/wp-content\/uploads\/britsk%C3%A9%20pence.jpg","url":"https:\/\/www.fasc.cz\/wp-content\/uploads\/britsk%C3%A9%20pence.jpg","height":0,"width":0},"url":"https:\/\/www.fasc.cz\/pujckou-proti-stradani\/","about":["Finance"],"wordCount":444,"articleBody":"   Ani miliony nezaru\u010d\u00ed nikomu \u0161\u0165astn\u00fd a spokojen\u00fd \u017eivot, i ten, kdo m\u00e1 v\u017edy pen\u011bz na rozhazov\u00e1n\u00ed, m\u016f\u017ee n\u011bjak\u00fdm jin\u00fdm zp\u016fsobem str\u00e1dat. A co\u017e teprve ti, kdo jsou na tom finan\u010dn\u011b b\u00eddn\u011b, kdo nemaj\u00ed nejednou ani na naprosto z\u00e1sadn\u00ed v\u00fddaje, bez nich\u017e nelze pova\u017eovat \u017eivot za norm\u00e1ln\u00ed a snesiteln\u00fd! Ti u\u017e teprve nemaj\u00ed moc d\u016fvod\u016f ke spokojenosti.A a\u0165 u\u017e m\u00e1 \u010dlov\u011bk probl\u00e9my jak\u00e9koliv, mus\u00ed se je ze v\u0161ech sil sna\u017eit vy\u0159e\u0161it. Mus\u00ed naj\u00edt zp\u016fsob, jak se zbavit toho, co ho t\u00ed\u017e\u00ed, a m\u00edt se l\u00e9pe. A i kdy\u017e se to n\u011bkdy nemus\u00ed zd\u00e1t b\u00fdt re\u00e1ln\u00e9, je skute\u010dnost\u00ed, \u017ee se na naprostou v\u011bt\u0161inu probl\u00e9m\u016f \u0159e\u0161en\u00ed naj\u00edt d\u00e1. A to i na probl\u00e9my finan\u010dn\u00ed povahy.Kdy\u017e se n\u011bkomu nedost\u00e1v\u00e1 pen\u011bz, m\u016f\u017ee si je p\u0159ece zase vyd\u011blat. Co\u017e ale nemus\u00ed sta\u010dit, zejm\u00e9na pokud je pot\u0159eba pen\u011bz nal\u00e9hav\u00e1 a v\u00fdplata je v nedohlednu. Deficit se d\u00e1 dorovnat i vyu\u017eit\u00edm vlastn\u00edch naspo\u0159en\u00fdch pen\u011bz, ale to jen tehdy, kdy\u017e je doty\u010dn\u00e1 osoba m\u00e1. A kdy\u017e to nejde jinak, je mo\u017en\u00e9 si vz\u00edt t\u0159eba i p\u016fj\u010dku.Jen\u017ee pokud se n\u011bkdo rozhodne pr\u00e1v\u011b pro to posledn\u00ed zm\u00edn\u011bn\u00e9 \u0159e\u0161en\u00ed, mus\u00ed po\u010d\u00edtat s t\u00edm, \u017ee mu nen\u00ed \u017e\u00e1dn\u00e1 norm\u00e1ln\u00ed p\u016fj\u010dka zaru\u010den\u00e1. U ka\u017ed\u00e9 nab\u00eddky je mo\u017enost, \u017ee ji \u010dlov\u011bk z\u00edsk\u00e1, ale nemus\u00ed se tak st\u00e1t, pokud tento nedolo\u017e\u00ed pat\u0159i\u010dn\u00fdm zp\u016fsobem svoji schopnost spl\u00e1cet. Co\u017e je u p\u016fj\u010dek naprost\u00e1 samoz\u0159ejmost.A kdy\u017e tedy n\u011bkdo nedok\u00e1\u017ee p\u0159esv\u011bd\u010dit n\u011bkter\u00e9ho z poskytovatel\u016f p\u016fj\u010dek? Pak to tento mus\u00ed zkusit n\u011bkde jinde, u n\u011bkoho jin\u00e9ho. A zkou\u0161et to mus\u00ed tak dlouho, dokud mu to n\u011bkde nevyjde.A kde mu to nejsp\u00ed\u0161e vyjde? U nebankovn\u00ed spole\u010dnosti, kterou je nab\u00edzena nebankovn\u00ed hypot\u00e9ka. Pr\u00e1v\u011b tato p\u016fj\u010dka toti\u017e d\u00e1v\u00e1 nemalou nad\u011bji i t\u011bm, kte\u0159\u00ed nemaj\u00ed velk\u00e9 p\u0159\u00edjmy, \u010dist\u00e9 registry dlu\u017en\u00edk\u016f a podobn\u011b. Tady se nam\u00edsto toho d\u00e1v\u00e1 do z\u00e1stavy \u017eadatelova nemovitost, \u010d\u00edm\u017e je vr\u00e1cen\u00ed p\u016fj\u010den\u00fdch pen\u011bz zaji\u0161t\u011bno natolik, \u017ee se nen\u00ed t\u0159eba ob\u00e1vat a \u017eadatel m\u016f\u017ee dostat klidn\u011b i hodn\u011b velk\u00e9 pen\u00edze.                                                                                                                                                                                                                                                                                                                                                                                          4.4\/5 - (7 votes)        "},{"@context":"https:\/\/schema.org\/","@type":"BreadcrumbList","itemListElement":[{"@type":"ListItem","position":1,"name":"P\u016fj\u010dkou proti str\u00e1d\u00e1n\u00ed","item":"https:\/\/www.fasc.cz\/pujckou-proti-stradani\/#breadcrumbitem"}]}]