[{"@context":"https:\/\/schema.org\/","@type":"Article","@id":"https:\/\/www.fasc.cz\/pilotni-provoz-pravniho-elektronickeho-systemu-jiz-bezi\/#Article","mainEntityOfPage":"https:\/\/www.fasc.cz\/pilotni-provoz-pravniho-elektronickeho-systemu-jiz-bezi\/","headline":"Pilotn\u00ed provoz pr\u00e1vn\u00edho elektronick\u00e9ho syst\u00e9mu ji\u017e b\u011b\u017e\u00ed!","name":"Pilotn\u00ed provoz pr\u00e1vn\u00edho elektronick\u00e9ho syst\u00e9mu ji\u017e b\u011b\u017e\u00ed!","description":"Do tohoto pilotn\u00edho provozu pr\u00e1vn\u00edho elektronick\u00e9ho syst\u00e9mu se od ledna p\u0159ipojily ji\u017e des\u00edtky podnikatel\u016f z region\u016f. V prvn\u00ed polovin\u011b \u00fanora se p\u0159idali do syst\u00e9mu i \u00fa\u0159edn\u00edci ministerstva pr\u016fmyslu, kte\u0159\u00ed prov\u00e1d\u00ed kontrolu, zda Hospod\u00e1\u0159sk\u00e1 komora tak zvan\u011b p\u0159elo\u017eila informace o povinnostech podnikatel\u016f do uveden\u00e9ho syst\u00e9mu spr\u00e1vn\u011b. Prvn\u00ed polo\u017ekou, kterou kontrolovali byl pr\u00e1v\u011b \u017eivnostensk\u00fd z\u00e1kon. I \u017eivnostn\u00edci, [&hellip;]","datePublished":"2023-05-06","dateModified":"2023-05-06","author":{"@type":"Person","@id":"https:\/\/www.fasc.cz\/author\/#Person","name":"","url":"https:\/\/www.fasc.cz\/author\/","identifier":1,"image":{"@type":"ImageObject","@id":"https:\/\/secure.gravatar.com\/avatar\/ac70c9e5ac34d1687bd81eed3e0a5127e2920111fdfe832b53d740bc4b86c4fd?s=96&d=mm&r=g","url":"https:\/\/secure.gravatar.com\/avatar\/ac70c9e5ac34d1687bd81eed3e0a5127e2920111fdfe832b53d740bc4b86c4fd?s=96&d=mm&r=g","height":96,"width":96}},"publisher":{"@type":"Organization","name":"fasc.cz","logo":{"@type":"ImageObject","@id":"\/logo.png","url":"\/logo.png","width":600,"height":60}},"image":{"@type":"ImageObject","@id":"https:\/\/www.fasc.cz\/wp-content\/uploads\/img_a342298_w2737_t1555156321.png","url":"https:\/\/www.fasc.cz\/wp-content\/uploads\/img_a342298_w2737_t1555156321.png","height":0,"width":0},"url":"https:\/\/www.fasc.cz\/pilotni-provoz-pravniho-elektronickeho-systemu-jiz-bezi\/","about":["Business"],"wordCount":384,"articleBody":"Do tohoto pilotn\u00edho provozu pr\u00e1vn\u00edho elektronick\u00e9ho syst\u00e9mu se od ledna p\u0159ipojily ji\u017e des\u00edtky podnikatel\u016f z region\u016f. V prvn\u00ed polovin\u011b \u00fanora se p\u0159idali do syst\u00e9mu i \u00fa\u0159edn\u00edci ministerstva pr\u016fmyslu, kte\u0159\u00ed prov\u00e1d\u00ed kontrolu, zda Hospod\u00e1\u0159sk\u00e1 komora tak zvan\u011b p\u0159elo\u017eila informace o povinnostech podnikatel\u016f do uveden\u00e9ho syst\u00e9mu spr\u00e1vn\u011b. Prvn\u00ed polo\u017ekou, kterou kontrolovali byl pr\u00e1v\u011b \u017eivnostensk\u00fd z\u00e1kon. I \u017eivnostn\u00edci, kte\u0159\u00ed nemaj\u00ed zam\u011bstnance, by m\u011bli zn\u00e1t a\u017e 780 z\u00e1kon\u016f, kter\u00e9 jim mohou na\u0159izovat n\u011bjak\u00e9 \u00fakony a pln\u011bn\u00ed povinnost\u00ed. Pro oby\u010dejn\u00e9 lidi m\u016f\u017ee b\u00fdt se v z\u00e1konech t\u011b\u017ek\u00e9 vyznat, kdy\u017e uv\u00e1\u017e\u00edme, \u017ee aktu\u00e1ln\u00ed z\u00e1konn\u00e1 \u00faprava je obt\u00ed\u017en\u011b pochopiteln\u00e1 i pro pr\u00e1vn\u00edky.&#13; &#13; Tlak na politiky&#13; Proto\u017ee tento navrhovan\u00fd syst\u00e9m nejprve shodil ze stolu Sen\u00e1t, pustila se Hospod\u00e1\u0159sk\u00e1 komora do pr\u00e1ce na syst\u00e9mu sama. Str\u00e1vila prac\u00ed nad t\u00edmto projektem tis\u00edce a tis\u00edce hodin. Nyn\u00ed se, po spu\u0161t\u011bn\u00ed pilotn\u00edho provozu, sna\u017e\u00ed projekt dostat znovu na o\u010di politik\u016fm, aby se prosadil. Mimo ministryn\u011b pr\u016fmyslu se k n\u011bmu ji\u017e vst\u0159\u00edcn\u011b stav\u00ed i ministerstvo spravedlnosti. Co se politick\u00fdch stran t\u00fd\u010de, jsou mu p\u0159\u00edzniv\u011b naklon\u011bny samoz\u0159ejm\u011b ANO a ODS.&#13; &#13; Pir\u00e1ti, i kdy\u017e po elektronizaci volali ji\u017e d\u00e1vno, syst\u00e9mu aktu\u00e1ln\u011b vy\u010d\u00edtaj\u00ed, \u017ee je vlastn\u011b exkluzivn\u011b Hospod\u00e1\u0159sk\u00e9 komory a podnikatele by za syst\u00e9m m\u011bli platit. Tedy podle Pir\u00e1t\u016f by m\u011bl b\u00fdt syst\u00e9m zdarma. Probl\u00e9m vid\u00ed ale hlavn\u011b v tom, \u017ee Hospod\u00e1\u0159sk\u00e1 komora vstupuje za t\u00e9to situace do tohoto projektu v re\u017eimu soukrom\u00e9ho subjektu. I p\u0159es investice des\u00edtek milion\u016f korun do syst\u00e9mu si Komora nen\u00e1rokuje exkluzivitu, proto\u017ee v\u00fdklad z\u00e1kona d\u011bl\u00e1 spousta odborn\u00edk\u016f a mohou takov\u00fd syst\u00e9m samoz\u0159ejm\u011b tak\u00e9 postavit.&#13; Aktu\u00e1ln\u00ed snaha Hospod\u00e1\u0159sk\u00e9 komory&#13; Nyn\u00ed je na programu prosazen\u00ed toho, aby u ka\u017ed\u00e9 legislativy byla k dispozici i tabulka povinnost\u00ed, kter\u00e9 mus\u00ed doty\u010dn\u00ed plnit v\u016f\u010di st\u00e1tu, a to nejen pro z\u00e1kony vztahuj\u00edc\u00ed se k podnik\u00e1n\u00ed, ale obecn\u011b pro v\u0161echny.&#13; &#13;                                                                                                                                                                                                                                                                                                                                                                                         4.7\/5 - (9 votes)        "},{"@context":"https:\/\/schema.org\/","@type":"BreadcrumbList","itemListElement":[{"@type":"ListItem","position":1,"name":"Pilotn\u00ed provoz pr\u00e1vn\u00edho elektronick\u00e9ho syst\u00e9mu ji\u017e b\u011b\u017e\u00ed!","item":"https:\/\/www.fasc.cz\/pilotni-provoz-pravniho-elektronickeho-systemu-jiz-bezi\/#breadcrumbitem"}]}]