[{"@context":"https:\/\/schema.org\/","@type":"Blog","@id":"https:\/\/www.fasc.cz#Blog","headline":"Fasc","description":"\nVyvol\u00e1v\u00e1 ve v\u00e1s po\u010das\u00ed za okny spl\u00edn? Jste sklesl\u00ed a nev\u00edte co s\u00a0t\u00edm? I kdy\u017e je venku po\u010das\u00ed pod psa, d\u00edky na\u0161emu webu budete m\u00edt slunce v\u00a0du\u0161i.","url":"https:\/\/www.fasc.cz","hasPart":[{"@type":"Article","@id":"https:\/\/www.fasc.cz\/pro-plet-to-nejlepsi\/","headline":"Pro ple\u0165 to nejlep\u0161\u00ed","url":"https:\/\/www.fasc.cz\/pro-plet-to-nejlepsi\/","datePublished":"2024-07-27","dateModified":"2024-07-27","mainEntityOfPage":"https:\/\/www.fasc.cz\/pro-plet-to-nejlepsi\/","author":{"@type":"Person","@id":"https:\/\/www.fasc.cz\/author\/#Person","name":"","url":"https:\/\/www.fasc.cz\/author\/","identifier":1,"image":{"@type":"ImageObject","@id":"https:\/\/secure.gravatar.com\/avatar\/ac70c9e5ac34d1687bd81eed3e0a5127e2920111fdfe832b53d740bc4b86c4fd?s=96&d=mm&r=g","url":"https:\/\/secure.gravatar.com\/avatar\/ac70c9e5ac34d1687bd81eed3e0a5127e2920111fdfe832b53d740bc4b86c4fd?s=96&d=mm&r=g","height":96,"width":96}},"publisher":{"@type":"Organization","name":"fasc.cz","logo":{"@type":"ImageObject","@id":"\/logo.png","url":"\/logo.png","width":600,"height":60}},"image":{"@type":"ImageObject","@id":"https:\/\/www.fasc.cz\/wp-content\/uploads\/pexels-senanur-ulusoy-182138396-14832250(1)_1.jpg","url":"https:\/\/www.fasc.cz\/wp-content\/uploads\/pexels-senanur-ulusoy-182138396-14832250(1)_1.jpg","height":0,"width":0},"wordCount":542,"keywords":null},{"@type":"Article","@id":"https:\/\/www.fasc.cz\/kdo-nam-prestehuje-extremne-tezke-predmety\/","headline":"Kdo n\u00e1m p\u0159est\u011bhuje extr\u00e9mn\u011b t\u011b\u017ek\u00e9 p\u0159edm\u011bty","url":"https:\/\/www.fasc.cz\/kdo-nam-prestehuje-extremne-tezke-predmety\/","datePublished":"2024-05-10","dateModified":"2024-05-10","mainEntityOfPage":"https:\/\/www.fasc.cz\/kdo-nam-prestehuje-extremne-tezke-predmety\/","author":{"@type":"Person","@id":"https:\/\/www.fasc.cz\/author\/#Person","name":"","url":"https:\/\/www.fasc.cz\/author\/","identifier":1,"image":{"@type":"ImageObject","@id":"https:\/\/secure.gravatar.com\/avatar\/ac70c9e5ac34d1687bd81eed3e0a5127e2920111fdfe832b53d740bc4b86c4fd?s=96&d=mm&r=g","url":"https:\/\/secure.gravatar.com\/avatar\/ac70c9e5ac34d1687bd81eed3e0a5127e2920111fdfe832b53d740bc4b86c4fd?s=96&d=mm&r=g","height":96,"width":96}},"publisher":{"@type":"Organization","name":"fasc.cz","logo":{"@type":"ImageObject","@id":"\/logo.png","url":"\/logo.png","width":600,"height":60}},"image":{"@type":"ImageObject","@id":"https:\/\/www.fasc.cz\/wp-content\/uploads\/piano-601386_640_1.jpg","url":"https:\/\/www.fasc.cz\/wp-content\/uploads\/piano-601386_640_1.jpg","height":0,"width":0},"wordCount":525,"keywords":null},{"@type":"Article","@id":"https:\/\/www.fasc.cz\/problem-s-alkoholem-vam-radi-pomuzeme-vyresit\/","headline":"Probl\u00e9m s alkoholem V\u00e1m r\u00e1di pom\u016f\u017eeme vy\u0159e\u0161it","url":"https:\/\/www.fasc.cz\/problem-s-alkoholem-vam-radi-pomuzeme-vyresit\/","datePublished":"2024-04-28","dateModified":"2024-04-28","mainEntityOfPage":"https:\/\/www.fasc.cz\/problem-s-alkoholem-vam-radi-pomuzeme-vyresit\/","author":{"@type":"Person","@id":"https:\/\/www.fasc.cz\/author\/#Person","name":"","url":"https:\/\/www.fasc.cz\/author\/","identifier":1,"image":{"@type":"ImageObject","@id":"https:\/\/secure.gravatar.com\/avatar\/ac70c9e5ac34d1687bd81eed3e0a5127e2920111fdfe832b53d740bc4b86c4fd?s=96&d=mm&r=g","url":"https:\/\/secure.gravatar.com\/avatar\/ac70c9e5ac34d1687bd81eed3e0a5127e2920111fdfe832b53d740bc4b86c4fd?s=96&d=mm&r=g","height":96,"width":96}},"publisher":{"@type":"Organization","name":"fasc.cz","logo":{"@type":"ImageObject","@id":"\/logo.png","url":"\/logo.png","width":600,"height":60}},"image":null,"wordCount":295,"keywords":null},{"@type":"Article","@id":"https:\/\/www.fasc.cz\/penize-jsou-potreba\/","headline":"Pen\u00edze jsou pot\u0159eba","url":"https:\/\/www.fasc.cz\/penize-jsou-potreba\/","datePublished":"2024-04-22","dateModified":"2024-04-22","mainEntityOfPage":"https:\/\/www.fasc.cz\/penize-jsou-potreba\/","author":{"@type":"Person","@id":"https:\/\/www.fasc.cz\/author\/#Person","name":"","url":"https:\/\/www.fasc.cz\/author\/","identifier":1,"image":{"@type":"ImageObject","@id":"https:\/\/secure.gravatar.com\/avatar\/ac70c9e5ac34d1687bd81eed3e0a5127e2920111fdfe832b53d740bc4b86c4fd?s=96&d=mm&r=g","url":"https:\/\/secure.gravatar.com\/avatar\/ac70c9e5ac34d1687bd81eed3e0a5127e2920111fdfe832b53d740bc4b86c4fd?s=96&d=mm&r=g","height":96,"width":96}},"publisher":{"@type":"Organization","name":"fasc.cz","logo":{"@type":"ImageObject","@id":"\/logo.png","url":"\/logo.png","width":600,"height":60}},"image":null,"wordCount":285,"keywords":null},{"@type":"Article","@id":"https:\/\/www.fasc.cz\/krasny-darek\/","headline":"Kr\u00e1sn\u00fd d\u00e1rek","url":"https:\/\/www.fasc.cz\/krasny-darek\/","datePublished":"2024-04-19","dateModified":"2024-04-19","mainEntityOfPage":"https:\/\/www.fasc.cz\/krasny-darek\/","author":{"@type":"Person","@id":"https:\/\/www.fasc.cz\/author\/#Person","name":"","url":"https:\/\/www.fasc.cz\/author\/","identifier":1,"image":{"@type":"ImageObject","@id":"https:\/\/secure.gravatar.com\/avatar\/ac70c9e5ac34d1687bd81eed3e0a5127e2920111fdfe832b53d740bc4b86c4fd?s=96&d=mm&r=g","url":"https:\/\/secure.gravatar.com\/avatar\/ac70c9e5ac34d1687bd81eed3e0a5127e2920111fdfe832b53d740bc4b86c4fd?s=96&d=mm&r=g","height":96,"width":96}},"publisher":{"@type":"Organization","name":"fasc.cz","logo":{"@type":"ImageObject","@id":"\/logo.png","url":"\/logo.png","width":600,"height":60}},"image":null,"wordCount":311,"keywords":null},{"@type":"Article","@id":"https:\/\/www.fasc.cz\/inspirace-pro-optimalni-parametry-hypoteky\/","headline":"Inspirace pro optim\u00e1ln\u00ed parametry hypot\u00e9ky","url":"https:\/\/www.fasc.cz\/inspirace-pro-optimalni-parametry-hypoteky\/","datePublished":"2024-04-08","dateModified":"2024-04-08","mainEntityOfPage":"https:\/\/www.fasc.cz\/inspirace-pro-optimalni-parametry-hypoteky\/","author":{"@type":"Person","@id":"https:\/\/www.fasc.cz\/author\/#Person","name":"","url":"https:\/\/www.fasc.cz\/author\/","identifier":1,"image":{"@type":"ImageObject","@id":"https:\/\/secure.gravatar.com\/avatar\/ac70c9e5ac34d1687bd81eed3e0a5127e2920111fdfe832b53d740bc4b86c4fd?s=96&d=mm&r=g","url":"https:\/\/secure.gravatar.com\/avatar\/ac70c9e5ac34d1687bd81eed3e0a5127e2920111fdfe832b53d740bc4b86c4fd?s=96&d=mm&r=g","height":96,"width":96}},"publisher":{"@type":"Organization","name":"fasc.cz","logo":{"@type":"ImageObject","@id":"\/logo.png","url":"\/logo.png","width":600,"height":60}},"image":null,"wordCount":270,"keywords":null},{"@type":"Article","@id":"https:\/\/www.fasc.cz\/vybavime-vas-vuz-do-kazde-situace\/","headline":"Vybav\u00edme V\u00e1\u0161 v\u016fz do ka\u017ed\u00e9 situace","url":"https:\/\/www.fasc.cz\/vybavime-vas-vuz-do-kazde-situace\/","datePublished":"2024-04-01","dateModified":"2024-04-01","mainEntityOfPage":"https:\/\/www.fasc.cz\/vybavime-vas-vuz-do-kazde-situace\/","author":{"@type":"Person","@id":"https:\/\/www.fasc.cz\/author\/#Person","name":"","url":"https:\/\/www.fasc.cz\/author\/","identifier":1,"image":{"@type":"ImageObject","@id":"https:\/\/secure.gravatar.com\/avatar\/ac70c9e5ac34d1687bd81eed3e0a5127e2920111fdfe832b53d740bc4b86c4fd?s=96&d=mm&r=g","url":"https:\/\/secure.gravatar.com\/avatar\/ac70c9e5ac34d1687bd81eed3e0a5127e2920111fdfe832b53d740bc4b86c4fd?s=96&d=mm&r=g","height":96,"width":96}},"publisher":{"@type":"Organization","name":"fasc.cz","logo":{"@type":"ImageObject","@id":"\/logo.png","url":"\/logo.png","width":600,"height":60}},"image":null,"wordCount":248,"keywords":null},{"@type":"Article","@id":"https:\/\/www.fasc.cz\/dejte-o-sobe-vedet\/","headline":"Dejte o sob\u011b v\u011bd\u011bt","url":"https:\/\/www.fasc.cz\/dejte-o-sobe-vedet\/","datePublished":"2024-02-03","dateModified":"2024-02-03","mainEntityOfPage":"https:\/\/www.fasc.cz\/dejte-o-sobe-vedet\/","author":{"@type":"Person","@id":"https:\/\/www.fasc.cz\/author\/#Person","name":"","url":"https:\/\/www.fasc.cz\/author\/","identifier":1,"image":{"@type":"ImageObject","@id":"https:\/\/secure.gravatar.com\/avatar\/ac70c9e5ac34d1687bd81eed3e0a5127e2920111fdfe832b53d740bc4b86c4fd?s=96&d=mm&r=g","url":"https:\/\/secure.gravatar.com\/avatar\/ac70c9e5ac34d1687bd81eed3e0a5127e2920111fdfe832b53d740bc4b86c4fd?s=96&d=mm&r=g","height":96,"width":96}},"publisher":{"@type":"Organization","name":"fasc.cz","logo":{"@type":"ImageObject","@id":"\/logo.png","url":"\/logo.png","width":600,"height":60}},"image":null,"wordCount":291,"keywords":null},{"@type":"Article","@id":"https:\/\/www.fasc.cz\/moderni-obleceni\/","headline":"Modern\u00ed oble\u010den\u00ed","url":"https:\/\/www.fasc.cz\/moderni-obleceni\/","datePublished":"2024-01-27","dateModified":"2024-01-27","mainEntityOfPage":"https:\/\/www.fasc.cz\/moderni-obleceni\/","author":{"@type":"Person","@id":"https:\/\/www.fasc.cz\/author\/#Person","name":"","url":"https:\/\/www.fasc.cz\/author\/","identifier":1,"image":{"@type":"ImageObject","@id":"https:\/\/secure.gravatar.com\/avatar\/ac70c9e5ac34d1687bd81eed3e0a5127e2920111fdfe832b53d740bc4b86c4fd?s=96&d=mm&r=g","url":"https:\/\/secure.gravatar.com\/avatar\/ac70c9e5ac34d1687bd81eed3e0a5127e2920111fdfe832b53d740bc4b86c4fd?s=96&d=mm&r=g","height":96,"width":96}},"publisher":{"@type":"Organization","name":"fasc.cz","logo":{"@type":"ImageObject","@id":"\/logo.png","url":"\/logo.png","width":600,"height":60}},"image":{"@type":"ImageObject","@id":"https:\/\/www.fasc.cz\/wp-content\/uploads\/women-2200225_960_720.jpg","url":"https:\/\/www.fasc.cz\/wp-content\/uploads\/women-2200225_960_720.jpg","height":0,"width":0},"wordCount":533,"keywords":null},{"@type":"Article","@id":"https:\/\/www.fasc.cz\/naplanujte-zodpovedne-tuto-velkou-udalost\/","headline":"Napl\u00e1nujte zodpov\u011bdn\u011b tuto velkou ud\u00e1lost","url":"https:\/\/www.fasc.cz\/naplanujte-zodpovedne-tuto-velkou-udalost\/","datePublished":"2023-12-30","dateModified":"2023-12-30","mainEntityOfPage":"https:\/\/www.fasc.cz\/naplanujte-zodpovedne-tuto-velkou-udalost\/","author":{"@type":"Person","@id":"https:\/\/www.fasc.cz\/author\/#Person","name":"","url":"https:\/\/www.fasc.cz\/author\/","identifier":1,"image":{"@type":"ImageObject","@id":"https:\/\/secure.gravatar.com\/avatar\/ac70c9e5ac34d1687bd81eed3e0a5127e2920111fdfe832b53d740bc4b86c4fd?s=96&d=mm&r=g","url":"https:\/\/secure.gravatar.com\/avatar\/ac70c9e5ac34d1687bd81eed3e0a5127e2920111fdfe832b53d740bc4b86c4fd?s=96&d=mm&r=g","height":96,"width":96}},"publisher":{"@type":"Organization","name":"fasc.cz","logo":{"@type":"ImageObject","@id":"\/logo.png","url":"\/logo.png","width":600,"height":60}},"image":null,"wordCount":276,"keywords":null}]},{"@context":"https:\/\/schema.org","@type":"WebSite","@id":"https:\/\/www.fasc.cz\/#website","name":"Fasc","url":"https:\/\/www.fasc.cz","potentialAction":{"@type":"SearchAction","target":"https:\/\/www.fasc.cz\/?s={search_term_string}","query-input":"required name=search_term_string"}}]