[{"@context":"https:\/\/schema.org\/","@type":"Blog","@id":"https:\/\/www.fasc.cz#Blog","headline":"Fasc","description":"\nVyvol\u00e1v\u00e1 ve v\u00e1s po\u010das\u00ed za okny spl\u00edn? Jste sklesl\u00ed a nev\u00edte co s\u00a0t\u00edm? I kdy\u017e je venku po\u010das\u00ed pod psa, d\u00edky na\u0161emu webu budete m\u00edt slunce v\u00a0du\u0161i.","url":"https:\/\/www.fasc.cz","hasPart":[{"@type":"Article","@id":"https:\/\/www.fasc.cz\/abyste-na-vsechno-dobre-videli\/","headline":"Abyste na v\u0161echno dob\u0159e vid\u011bli","url":"https:\/\/www.fasc.cz\/abyste-na-vsechno-dobre-videli\/","datePublished":"2017-06-10","dateModified":"2023-05-06","mainEntityOfPage":"https:\/\/www.fasc.cz\/abyste-na-vsechno-dobre-videli\/","author":{"@type":"Person","@id":"https:\/\/www.fasc.cz\/author\/#Person","name":"","url":"https:\/\/www.fasc.cz\/author\/","identifier":1,"image":{"@type":"ImageObject","@id":"https:\/\/secure.gravatar.com\/avatar\/ac70c9e5ac34d1687bd81eed3e0a5127e2920111fdfe832b53d740bc4b86c4fd?s=96&d=mm&r=g","url":"https:\/\/secure.gravatar.com\/avatar\/ac70c9e5ac34d1687bd81eed3e0a5127e2920111fdfe832b53d740bc4b86c4fd?s=96&d=mm&r=g","height":96,"width":96}},"publisher":{"@type":"Organization","name":"fasc.cz","logo":{"@type":"ImageObject","@id":"\/logo.png","url":"\/logo.png","width":600,"height":60}},"image":{"@type":"ImageObject","@id":"https:\/\/www.fasc.cz\/wp-content\/uploads\/img_a292805_w2129_t1505211238.jpg","url":"https:\/\/www.fasc.cz\/wp-content\/uploads\/img_a292805_w2129_t1505211238.jpg","height":0,"width":0},"wordCount":570,"keywords":null}]},{"@context":"https:\/\/schema.org","@type":"WebSite","@id":"https:\/\/www.fasc.cz\/#website","name":"Fasc","url":"https:\/\/www.fasc.cz","potentialAction":{"@type":"SearchAction","target":"https:\/\/www.fasc.cz\/?s={search_term_string}","query-input":"required name=search_term_string"}}]