[{"@context":"https:\/\/schema.org\/","@type":"Blog","@id":"https:\/\/www.fasc.cz#Blog","headline":"Fasc","description":"\nVyvol\u00e1v\u00e1 ve v\u00e1s po\u010das\u00ed za okny spl\u00edn? Jste sklesl\u00ed a nev\u00edte co s\u00a0t\u00edm? I kdy\u017e je venku po\u010das\u00ed pod psa, d\u00edky na\u0161emu webu budete m\u00edt slunce v\u00a0du\u0161i.","url":"https:\/\/www.fasc.cz","hasPart":[{"@type":"Article","@id":"https:\/\/www.fasc.cz\/miliony-novych-uzivatelu-na-socialni-siti-twitter\/","headline":"Miliony nov\u00fdch u\u017eivatel\u016f na soci\u00e1ln\u00ed s\u00edti Twitter","url":"https:\/\/www.fasc.cz\/miliony-novych-uzivatelu-na-socialni-siti-twitter\/","datePublished":"2019-05-17","dateModified":"2023-05-06","mainEntityOfPage":"https:\/\/www.fasc.cz\/miliony-novych-uzivatelu-na-socialni-siti-twitter\/","author":{"@type":"Person","@id":"https:\/\/www.fasc.cz\/author\/#Person","name":"","url":"https:\/\/www.fasc.cz\/author\/","identifier":1,"image":{"@type":"ImageObject","@id":"https:\/\/secure.gravatar.com\/avatar\/ac70c9e5ac34d1687bd81eed3e0a5127e2920111fdfe832b53d740bc4b86c4fd?s=96&d=mm&r=g","url":"https:\/\/secure.gravatar.com\/avatar\/ac70c9e5ac34d1687bd81eed3e0a5127e2920111fdfe832b53d740bc4b86c4fd?s=96&d=mm&r=g","height":96,"width":96}},"publisher":{"@type":"Organization","name":"fasc.cz","logo":{"@type":"ImageObject","@id":"\/logo.png","url":"\/logo.png","width":600,"height":60}},"image":{"@type":"ImageObject","@id":"https:\/\/www.fasc.cz\/wp-content\/uploads\/img_a345473_w2737_t1559157523.png","url":"https:\/\/www.fasc.cz\/wp-content\/uploads\/img_a345473_w2737_t1559157523.png","height":0,"width":0},"wordCount":4576,"keywords":null},{"@type":"Article","@id":"https:\/\/www.fasc.cz\/tvar-jako-z-titulni-strany-casopisu\/","headline":"Tv\u00e1\u0159 jako z tituln\u00ed strany \u010dasopisu","url":"https:\/\/www.fasc.cz\/tvar-jako-z-titulni-strany-casopisu\/","datePublished":"2019-05-09","dateModified":"2023-05-06","mainEntityOfPage":"https:\/\/www.fasc.cz\/tvar-jako-z-titulni-strany-casopisu\/","author":{"@type":"Person","@id":"https:\/\/www.fasc.cz\/author\/#Person","name":"","url":"https:\/\/www.fasc.cz\/author\/","identifier":1,"image":{"@type":"ImageObject","@id":"https:\/\/secure.gravatar.com\/avatar\/ac70c9e5ac34d1687bd81eed3e0a5127e2920111fdfe832b53d740bc4b86c4fd?s=96&d=mm&r=g","url":"https:\/\/secure.gravatar.com\/avatar\/ac70c9e5ac34d1687bd81eed3e0a5127e2920111fdfe832b53d740bc4b86c4fd?s=96&d=mm&r=g","height":96,"width":96}},"publisher":{"@type":"Organization","name":"fasc.cz","logo":{"@type":"ImageObject","@id":"\/logo.png","url":"\/logo.png","width":600,"height":60}},"image":{"@type":"ImageObject","@id":"https:\/\/www.fasc.cz\/wp-content\/uploads\/img_a344978_w2737_t1558788190.jpg","url":"https:\/\/www.fasc.cz\/wp-content\/uploads\/img_a344978_w2737_t1558788190.jpg","height":0,"width":0},"wordCount":4508,"keywords":null},{"@type":"Article","@id":"https:\/\/www.fasc.cz\/pro-bezpecnejsi-jizdu\/","headline":"Pro bezpe\u010dn\u011bj\u0161\u00ed j\u00edzdu","url":"https:\/\/www.fasc.cz\/pro-bezpecnejsi-jizdu\/","datePublished":"2019-03-25","dateModified":"2023-05-06","mainEntityOfPage":"https:\/\/www.fasc.cz\/pro-bezpecnejsi-jizdu\/","author":{"@type":"Person","@id":"https:\/\/www.fasc.cz\/author\/#Person","name":"","url":"https:\/\/www.fasc.cz\/author\/","identifier":1,"image":{"@type":"ImageObject","@id":"https:\/\/secure.gravatar.com\/avatar\/ac70c9e5ac34d1687bd81eed3e0a5127e2920111fdfe832b53d740bc4b86c4fd?s=96&d=mm&r=g","url":"https:\/\/secure.gravatar.com\/avatar\/ac70c9e5ac34d1687bd81eed3e0a5127e2920111fdfe832b53d740bc4b86c4fd?s=96&d=mm&r=g","height":96,"width":96}},"publisher":{"@type":"Organization","name":"fasc.cz","logo":{"@type":"ImageObject","@id":"\/logo.png","url":"\/logo.png","width":600,"height":60}},"image":{"@type":"ImageObject","@id":"https:\/\/www.fasc.cz\/wp-content\/uploads\/img_a340041_w2737_t1553095174.jpg","url":"https:\/\/www.fasc.cz\/wp-content\/uploads\/img_a340041_w2737_t1553095174.jpg","height":0,"width":0},"wordCount":4424,"keywords":null},{"@type":"Article","@id":"https:\/\/www.fasc.cz\/existuje-modry-mesic\/","headline":"Existuje modr\u00fd m\u011bs\u00edc?","url":"https:\/\/www.fasc.cz\/existuje-modry-mesic\/","datePublished":"2019-03-17","dateModified":"2019-03-17","mainEntityOfPage":"https:\/\/www.fasc.cz\/existuje-modry-mesic\/","author":{"@type":"Person","@id":"https:\/\/www.fasc.cz\/author\/#Person","name":"","url":"https:\/\/www.fasc.cz\/author\/","identifier":1,"image":{"@type":"ImageObject","@id":"https:\/\/secure.gravatar.com\/avatar\/ac70c9e5ac34d1687bd81eed3e0a5127e2920111fdfe832b53d740bc4b86c4fd?s=96&d=mm&r=g","url":"https:\/\/secure.gravatar.com\/avatar\/ac70c9e5ac34d1687bd81eed3e0a5127e2920111fdfe832b53d740bc4b86c4fd?s=96&d=mm&r=g","height":96,"width":96}},"publisher":{"@type":"Organization","name":"fasc.cz","logo":{"@type":"ImageObject","@id":"\/logo.png","url":"\/logo.png","width":600,"height":60}},"image":{"@type":"ImageObject","@id":"https:\/\/www.fasc.cz\/wp-content\/uploads\/img_a340091_w2101_t1553165287.jpg","url":"https:\/\/www.fasc.cz\/wp-content\/uploads\/img_a340091_w2101_t1553165287.jpg","height":0,"width":0},"wordCount":569,"keywords":null},{"@type":"Article","@id":"https:\/\/www.fasc.cz\/tricka-s-kratkym-rukavem-se-nosi-celorocne\/","headline":"Tri\u010dka s kr\u00e1tk\u00fdm ruk\u00e1vem se nos\u00ed celoro\u010dn\u011b","url":"https:\/\/www.fasc.cz\/tricka-s-kratkym-rukavem-se-nosi-celorocne\/","datePublished":"2019-02-24","dateModified":"2023-05-06","mainEntityOfPage":"https:\/\/www.fasc.cz\/tricka-s-kratkym-rukavem-se-nosi-celorocne\/","author":{"@type":"Person","@id":"https:\/\/www.fasc.cz\/author\/#Person","name":"","url":"https:\/\/www.fasc.cz\/author\/","identifier":1,"image":{"@type":"ImageObject","@id":"https:\/\/secure.gravatar.com\/avatar\/ac70c9e5ac34d1687bd81eed3e0a5127e2920111fdfe832b53d740bc4b86c4fd?s=96&d=mm&r=g","url":"https:\/\/secure.gravatar.com\/avatar\/ac70c9e5ac34d1687bd81eed3e0a5127e2920111fdfe832b53d740bc4b86c4fd?s=96&d=mm&r=g","height":96,"width":96}},"publisher":{"@type":"Organization","name":"fasc.cz","logo":{"@type":"ImageObject","@id":"\/logo.png","url":"\/logo.png","width":600,"height":60}},"image":{"@type":"ImageObject","@id":"https:\/\/www.fasc.cz\/wp-content\/uploads\/img_a337893_w2737_t1550769648.jpg","url":"https:\/\/www.fasc.cz\/wp-content\/uploads\/img_a337893_w2737_t1550769648.jpg","height":0,"width":0},"wordCount":4468,"keywords":null},{"@type":"Article","@id":"https:\/\/www.fasc.cz\/nakupy-online\/","headline":"N\u00e1kupy online","url":"https:\/\/www.fasc.cz\/nakupy-online\/","datePublished":"2019-02-08","dateModified":"2019-02-08","mainEntityOfPage":"https:\/\/www.fasc.cz\/nakupy-online\/","author":{"@type":"Person","@id":"https:\/\/www.fasc.cz\/author\/#Person","name":"","url":"https:\/\/www.fasc.cz\/author\/","identifier":1,"image":{"@type":"ImageObject","@id":"https:\/\/secure.gravatar.com\/avatar\/ac70c9e5ac34d1687bd81eed3e0a5127e2920111fdfe832b53d740bc4b86c4fd?s=96&d=mm&r=g","url":"https:\/\/secure.gravatar.com\/avatar\/ac70c9e5ac34d1687bd81eed3e0a5127e2920111fdfe832b53d740bc4b86c4fd?s=96&d=mm&r=g","height":96,"width":96}},"publisher":{"@type":"Organization","name":"fasc.cz","logo":{"@type":"ImageObject","@id":"\/logo.png","url":"\/logo.png","width":600,"height":60}},"image":{"@type":"ImageObject","@id":"https:\/\/www.fasc.cz\/wp-content\/uploads\/img_a338253_w1937_t1551074964.jpg","url":"https:\/\/www.fasc.cz\/wp-content\/uploads\/img_a338253_w1937_t1551074964.jpg","height":0,"width":0},"wordCount":516,"keywords":null},{"@type":"Article","@id":"https:\/\/www.fasc.cz\/fyzioterapeuticke-sluzby-aneb-jak-efektivni-je-pomoc\/","headline":"Fyzioterapeutick\u00e9 slu\u017eby aneb jak efektivn\u00ed je pomoc?","url":"https:\/\/www.fasc.cz\/fyzioterapeuticke-sluzby-aneb-jak-efektivni-je-pomoc\/","datePublished":"2019-01-04","dateModified":"2023-05-06","mainEntityOfPage":"https:\/\/www.fasc.cz\/fyzioterapeuticke-sluzby-aneb-jak-efektivni-je-pomoc\/","author":{"@type":"Person","@id":"https:\/\/www.fasc.cz\/author\/#Person","name":"","url":"https:\/\/www.fasc.cz\/author\/","identifier":1,"image":{"@type":"ImageObject","@id":"https:\/\/secure.gravatar.com\/avatar\/ac70c9e5ac34d1687bd81eed3e0a5127e2920111fdfe832b53d740bc4b86c4fd?s=96&d=mm&r=g","url":"https:\/\/secure.gravatar.com\/avatar\/ac70c9e5ac34d1687bd81eed3e0a5127e2920111fdfe832b53d740bc4b86c4fd?s=96&d=mm&r=g","height":96,"width":96}},"publisher":{"@type":"Organization","name":"fasc.cz","logo":{"@type":"ImageObject","@id":"\/logo.png","url":"\/logo.png","width":600,"height":60}},"image":{"@type":"ImageObject","@id":"https:\/\/www.fasc.cz\/wp-content\/uploads\/img_a333469_w2737_t1546791086.jpg","url":"https:\/\/www.fasc.cz\/wp-content\/uploads\/img_a333469_w2737_t1546791086.jpg","height":0,"width":0},"wordCount":455,"keywords":null},{"@type":"Article","@id":"https:\/\/www.fasc.cz\/velka-cast-populace-je-stale-bez-proudu\/","headline":"Velk\u00e1 \u010d\u00e1st populace je st\u00e1le bez proudu","url":"https:\/\/www.fasc.cz\/velka-cast-populace-je-stale-bez-proudu\/","datePublished":"2018-12-27","dateModified":"2023-05-06","mainEntityOfPage":"https:\/\/www.fasc.cz\/velka-cast-populace-je-stale-bez-proudu\/","author":{"@type":"Person","@id":"https:\/\/www.fasc.cz\/author\/#Person","name":"","url":"https:\/\/www.fasc.cz\/author\/","identifier":1,"image":{"@type":"ImageObject","@id":"https:\/\/secure.gravatar.com\/avatar\/ac70c9e5ac34d1687bd81eed3e0a5127e2920111fdfe832b53d740bc4b86c4fd?s=96&d=mm&r=g","url":"https:\/\/secure.gravatar.com\/avatar\/ac70c9e5ac34d1687bd81eed3e0a5127e2920111fdfe832b53d740bc4b86c4fd?s=96&d=mm&r=g","height":96,"width":96}},"publisher":{"@type":"Organization","name":"fasc.cz","logo":{"@type":"ImageObject","@id":"\/logo.png","url":"\/logo.png","width":600,"height":60}},"image":{"@type":"ImageObject","@id":"https:\/\/www.fasc.cz\/wp-content\/uploads\/img_a332874_w2737_t1545948500.jpg","url":"https:\/\/www.fasc.cz\/wp-content\/uploads\/img_a332874_w2737_t1545948500.jpg","height":0,"width":0},"wordCount":447,"keywords":null},{"@type":"Article","@id":"https:\/\/www.fasc.cz\/laser-game-praha-9-pro-tymy-i-jednotlivce\/","headline":"Laser game Praha 9 pro t\u00fdmy i jednotlivce","url":"https:\/\/www.fasc.cz\/laser-game-praha-9-pro-tymy-i-jednotlivce\/","datePublished":"2018-12-12","dateModified":"2024-04-22","mainEntityOfPage":"https:\/\/www.fasc.cz\/laser-game-praha-9-pro-tymy-i-jednotlivce\/","author":{"@type":"Person","@id":"https:\/\/www.fasc.cz\/author\/#Person","name":"","url":"https:\/\/www.fasc.cz\/author\/","identifier":1,"image":{"@type":"ImageObject","@id":"https:\/\/secure.gravatar.com\/avatar\/ac70c9e5ac34d1687bd81eed3e0a5127e2920111fdfe832b53d740bc4b86c4fd?s=96&d=mm&r=g","url":"https:\/\/secure.gravatar.com\/avatar\/ac70c9e5ac34d1687bd81eed3e0a5127e2920111fdfe832b53d740bc4b86c4fd?s=96&d=mm&r=g","height":96,"width":96}},"publisher":{"@type":"Organization","name":"fasc.cz","logo":{"@type":"ImageObject","@id":"\/logo.png","url":"\/logo.png","width":600,"height":60}},"image":{"@type":"ImageObject","@id":"https:\/\/www.fasc.cz\/wp-content\/uploads\/img_a336566_w1720_t1549963224.jpg","url":"https:\/\/www.fasc.cz\/wp-content\/uploads\/img_a336566_w1720_t1549963224.jpg","height":0,"width":0},"wordCount":539,"keywords":null},{"@type":"Article","@id":"https:\/\/www.fasc.cz\/tazne-zarizeni-vam-ukaze-nove-prilezitosti\/","headline":"Ta\u017en\u00e9 za\u0159\u00edzen\u00ed V\u00e1m uk\u00e1\u017ee nov\u00e9 p\u0159\u00edle\u017eitosti","url":"https:\/\/www.fasc.cz\/tazne-zarizeni-vam-ukaze-nove-prilezitosti\/","datePublished":"2018-11-29","dateModified":"2018-11-29","mainEntityOfPage":"https:\/\/www.fasc.cz\/tazne-zarizeni-vam-ukaze-nove-prilezitosti\/","author":{"@type":"Person","@id":"https:\/\/www.fasc.cz\/author\/#Person","name":"","url":"https:\/\/www.fasc.cz\/author\/","identifier":1,"image":{"@type":"ImageObject","@id":"https:\/\/secure.gravatar.com\/avatar\/ac70c9e5ac34d1687bd81eed3e0a5127e2920111fdfe832b53d740bc4b86c4fd?s=96&d=mm&r=g","url":"https:\/\/secure.gravatar.com\/avatar\/ac70c9e5ac34d1687bd81eed3e0a5127e2920111fdfe832b53d740bc4b86c4fd?s=96&d=mm&r=g","height":96,"width":96}},"publisher":{"@type":"Organization","name":"fasc.cz","logo":{"@type":"ImageObject","@id":"\/logo.png","url":"\/logo.png","width":600,"height":60}},"image":{"@type":"ImageObject","@id":"https:\/\/www.fasc.cz\/wp-content\/uploads\/img_a335434_w1749_t1548744670.jpg","url":"https:\/\/www.fasc.cz\/wp-content\/uploads\/img_a335434_w1749_t1548744670.jpg","height":0,"width":0},"wordCount":551,"keywords":null}]},{"@context":"https:\/\/schema.org","@type":"WebSite","@id":"https:\/\/www.fasc.cz\/#website","name":"Fasc","url":"https:\/\/www.fasc.cz","potentialAction":{"@type":"SearchAction","target":"https:\/\/www.fasc.cz\/?s={search_term_string}","query-input":"required name=search_term_string"}}]