[{"@context":"https:\/\/schema.org\/","@type":"Article","@id":"https:\/\/www.fasc.cz\/noc-kostelu\/#Article","mainEntityOfPage":"https:\/\/www.fasc.cz\/noc-kostelu\/","headline":"Noc kostel\u016f","name":"Noc kostel\u016f","description":"M\u00e1te r\u00e1di zaj\u00edmav\u00e9 a origin\u00e1ln\u00ed kulturn\u00ed akce? Pak byste mo\u017en\u00e1 n\u011bkdy r\u00e1di nav\u0161t\u00edvili takzvanou Noc kostel\u016f. O\u010d se jedn\u00e1? Je to aktivita, kter\u00e1 je po\u0159\u00e1dan\u00e1 ka\u017ed\u00fd rok ve ve\u010dern\u00edch nebo dokonce no\u010dn\u00edch hodin\u00e1ch. Jsou zp\u0159\u00edstupn\u011bny kostely k\u0159es\u0165ansk\u00fdch c\u00edrkv\u00ed. Nen\u00ed to tedy jen \u201eakce\u201c t\u0159eba katolick\u00e9 c\u00edrkve. Do Noci kostel\u016f se zapojuj\u00ed evangel\u00edci, baptist\u00e9, katol\u00edci, starokatol\u00edc\u00ed, [&hellip;]","datePublished":"2023-05-06","dateModified":"2023-05-06","author":{"@type":"Person","@id":"https:\/\/www.fasc.cz\/author\/#Person","name":"","url":"https:\/\/www.fasc.cz\/author\/","identifier":1,"image":{"@type":"ImageObject","@id":"https:\/\/secure.gravatar.com\/avatar\/ac70c9e5ac34d1687bd81eed3e0a5127e2920111fdfe832b53d740bc4b86c4fd?s=96&d=mm&r=g","url":"https:\/\/secure.gravatar.com\/avatar\/ac70c9e5ac34d1687bd81eed3e0a5127e2920111fdfe832b53d740bc4b86c4fd?s=96&d=mm&r=g","height":96,"width":96}},"publisher":{"@type":"Organization","name":"fasc.cz","logo":{"@type":"ImageObject","@id":"\/logo.png","url":"\/logo.png","width":600,"height":60}},"image":{"@type":"ImageObject","@id":"https:\/\/www.fasc.cz\/wp-content\/uploads\/img_a330005_w2737_t1542537363.jpg","url":"https:\/\/www.fasc.cz\/wp-content\/uploads\/img_a330005_w2737_t1542537363.jpg","height":0,"width":0},"url":"https:\/\/www.fasc.cz\/noc-kostelu\/","about":["Kultura"],"wordCount":412,"articleBody":"M\u00e1te r\u00e1di zaj\u00edmav\u00e9 a origin\u00e1ln\u00ed kulturn\u00ed akce? Pak byste mo\u017en\u00e1 n\u011bkdy r\u00e1di nav\u0161t\u00edvili takzvanou Noc kostel\u016f. O\u010d se jedn\u00e1? Je to aktivita, kter\u00e1 je po\u0159\u00e1dan\u00e1 ka\u017ed\u00fd rok ve ve\u010dern\u00edch nebo dokonce no\u010dn\u00edch hodin\u00e1ch. Jsou zp\u0159\u00edstupn\u011bny kostely k\u0159es\u0165ansk\u00fdch c\u00edrkv\u00ed. Nen\u00ed to tedy jen \u201eakce\u201c t\u0159eba katolick\u00e9 c\u00edrkve. Do Noci kostel\u016f se zapojuj\u00ed evangel\u00edci, baptist\u00e9, katol\u00edci, starokatol\u00edc\u00ed, jde to nap\u0159\u00ed\u010d konfesemi a jedn\u00e1 se tedy o velmi v\u00fdznamnou ekumenickou aktivitu.&#13;  &#13; &#13; Zaj\u00edmav\u00e9 kulturn\u00ed akce&#13; V kostelech a modlitebn\u00e1ch se organizuj\u00ed zdarma koncerty, prohl\u00eddky, r\u016fzn\u00e1 divadeln\u00ed p\u0159edstaven\u00ed, p\u0159edn\u00e1\u0161ky a tak\u00e9 po\u010detn\u00e9 workshopy pro d\u011bti i dosp\u011bl\u00e9. N\u00e1v\u0161t\u011bvn\u00edci si mohou prohl\u00e9dnout sakristii, zkusit zahr\u00e1t na varhany, prohl\u00e9dnout si tajemn\u00e9 a stra\u0161ideln\u00e9 krypty p\u0159\u00edpadn\u011b vystoupat na v\u011b\u017ee a v\u011b\u0159te tomu, \u017ee v\u00fdhled z vysok\u00fdch kosteln\u00edch v\u011b\u017e\u00ed je skute\u010dn\u011b \u00fachvatn\u00fd a fascinuj\u00edc\u00ed. Mnoh\u00e9 farnosti s\u00e1z\u00ed tak\u00e9 na gastronomii a tak mnoz\u00ed host\u00e9 se mohou t\u011b\u0161it na p\u0159\u00edjemn\u00e9 ob\u010derstven\u00ed v podob\u011b dom\u00e1c\u00edch kol\u00e1\u010dk\u016f nebo klob\u00e1sek.&#13; &#13; &#13; Historie projektu&#13; Samotn\u00e1 Noc kostel\u016f vznikla v roce 2001 v N\u011bmecku. Ov\u0161em do \u010cesk\u00e9 republiky p\u0159i\u0161la z Rakouska a prvn\u00ed ro\u010dn\u00edk se konal v kv\u011btnu roku 2009. N\u00e1v\u0161t\u011bvnost v tom roce byla 300 000 n\u00e1v\u0161t\u011bvn\u00edk\u016f. N\u00e1v\u0161t\u011bvnost ov\u0161em rok od roku stoup\u00e1 a noci kostel\u016f velmi r\u00e1di nav\u0161t\u011bvuj\u00ed tak\u00e9 nev\u011b\u0159\u00edc\u00ed lid\u00e9, kte\u0159\u00ed si ov\u0161em potrp\u00ed na kulturn\u00ed vy\u017eit\u00ed a to zde rozhodn\u011b naleznou v m\u00ed\u0159e v\u00edc ne\u017e vysok\u00e9.&#13; &#13; V kv\u011btnu p\u0159\u00ed\u0161t\u00edho roku n\u00e1s tedy \u010dek\u00e1 mal\u00e9 des\u00e1t\u00e9 jubileum Noci kostel\u016f v \u010cesk\u00e9 republice. Je pravd\u011bpodobn\u00e9, \u017ee se budeme moci t\u011b\u0161it na zaj\u00edmav\u00fd a v\u00fd\u017eivn\u00fd kulturn\u00ed program.&#13; Noc kostel\u016f je samoz\u0159ejm\u011b tak\u00e9 akc\u00ed, kter\u00e1 napom\u00e1h\u00e1 v nev\u011b\u0159\u00edc\u00edch lidech hrotit ost\u0159\u00ed no\u017e\u016f a vede k v\u011bt\u0161\u00ed sn\u00e1\u0161enlivosti v\u016f\u010di sakr\u00e1ln\u00edmu prostoru. Proto\u017ee \u010cesk\u00e1 republika bohu\u017eel pat\u0159\u00ed mezi nejateisti\u010dt\u011bj\u0161\u00ed zem\u011b sv\u011bta a zdej\u0161\u00ed lid\u00e9 jsou na sv\u016fj n\u00e1bo\u017eensk\u00fd apatismus i hrd\u00ed.&#13; Noc kostel\u016f se krom\u011b N\u011bmecka, Rakouska a \u010cech se kon\u00e1 tak\u00e9 v Nizozemsku a na Slovensku.&#13;                                                                                                                                                                                                                                                                                                                                                                                        4\/5 - (9 votes)        "},{"@context":"https:\/\/schema.org\/","@type":"BreadcrumbList","itemListElement":[{"@type":"ListItem","position":1,"name":"Noc kostel\u016f","item":"https:\/\/www.fasc.cz\/noc-kostelu\/#breadcrumbitem"}]}]