[{"@context":"https:\/\/schema.org\/","@type":"Article","@id":"https:\/\/www.fasc.cz\/nekolik-tipu-jak-zachazet-s-vlasy-a-neposkodit-je\/#Article","mainEntityOfPage":"https:\/\/www.fasc.cz\/nekolik-tipu-jak-zachazet-s-vlasy-a-neposkodit-je\/","headline":"N\u011bkolik tip\u016f, jak zach\u00e1zet s vlasy a nepo\u0161kodit je","name":"N\u011bkolik tip\u016f, jak zach\u00e1zet s vlasy a nepo\u0161kodit je","description":"Ka\u017ed\u00e1 \u017eena si p\u0159eje kr\u00e1sn\u011b zdrav\u00e9 vlasy, ale ne v\u0161echny se jim dost v\u011bnujeme. A\u0165 u\u017e je to proto, \u017ee na to nem\u00e1me dost \u010dasu \u2013 prakticky ten \u010das up\u0159ednost\u0148ujeme jinam \u2013 nebo jsme prost\u011b l\u00edn\u00e9. No co, je to tak. Proto tak\u00e9 v\u00fdrobci vlasov\u00fdch p\u0159\u00edpravk\u016f p\u0159i\u0161li na trh s tzv. such\u00fdm \u0161amponem a dal\u0161\u00edmi [&hellip;]","datePublished":"2023-05-06","dateModified":"2023-05-06","author":{"@type":"Person","@id":"https:\/\/www.fasc.cz\/author\/#Person","name":"","url":"https:\/\/www.fasc.cz\/author\/","identifier":1,"image":{"@type":"ImageObject","@id":"https:\/\/secure.gravatar.com\/avatar\/ac70c9e5ac34d1687bd81eed3e0a5127e2920111fdfe832b53d740bc4b86c4fd?s=96&d=mm&r=g","url":"https:\/\/secure.gravatar.com\/avatar\/ac70c9e5ac34d1687bd81eed3e0a5127e2920111fdfe832b53d740bc4b86c4fd?s=96&d=mm&r=g","height":96,"width":96}},"publisher":{"@type":"Organization","name":"fasc.cz","logo":{"@type":"ImageObject","@id":"\/logo.png","url":"\/logo.png","width":600,"height":60}},"image":{"@type":"ImageObject","@id":"https:\/\/www.fasc.cz\/wp-content\/uploads\/img_a329307_w2737_t1541793391.jpg","url":"https:\/\/www.fasc.cz\/wp-content\/uploads\/img_a329307_w2737_t1541793391.jpg","height":0,"width":0},"url":"https:\/\/www.fasc.cz\/nekolik-tipu-jak-zachazet-s-vlasy-a-neposkodit-je\/","about":["Kr\u00e1sa"],"wordCount":529,"articleBody":"Ka\u017ed\u00e1 \u017eena si p\u0159eje kr\u00e1sn\u011b zdrav\u00e9 vlasy, ale ne v\u0161echny se jim dost v\u011bnujeme. A\u0165 u\u017e je to proto, \u017ee na to nem\u00e1me dost \u010dasu \u2013 prakticky ten \u010das up\u0159ednost\u0148ujeme jinam \u2013 nebo jsme prost\u011b l\u00edn\u00e9. No co, je to tak. Proto tak\u00e9 v\u00fdrobci vlasov\u00fdch p\u0159\u00edpravk\u016f p\u0159i\u0161li na trh s tzv. such\u00fdm \u0161amponem a dal\u0161\u00edmi p\u0159\u00edpravky pro jednoduchou a rychlou \u00fadr\u017ebu na\u0161ich vlas\u016f. Ov\u0161em, pokud toto v\u0161echno pomineme a \u0159ad\u00edme se mezi \u017eeny, kter\u00e9 s vlasy d\u011blaj\u00ed r\u016fzn\u00e9 z\u00e1zraky a p\u0159esto nejsme spokojen\u00e9, tak n\u011bco d\u011bl\u00e1me \u0161patn\u011b. Jsou to tzv. zlozvyky, kter\u00e9 \u0161kod\u00ed na\u0161im vlas\u016fm a jejich poko\u017ece, d\u00edky tomu vlasy nap\u0159\u00edklad vypad\u00e1vaj\u00ed. Poj\u010fme se tedy pod\u00edvat, co d\u011bl\u00e1me dob\u0159e, a co naopak \u0161patn\u011b.&#13; &#13; &#13; \u00dadr\u017eba vlas\u016f a jejich zach\u00e1zen\u00ed&#13; 1. Po\u0159\u00e1dn\u00e9 pro\u010des\u00e1n\u00ed vlas\u016f&#13; \u00d8 Prvn\u011b je d\u016fle\u017eit\u00e9 vlasy pro\u010desat, ne\u017e se je rozhodneme um\u00fdt. \u010casto jedn\u00e1me \u0161patn\u011b, kdy\u017e tento krok p\u0159esko\u010d\u00edme a vrhneme se na umyt\u00ed. Vlasy jsou pak zamotan\u00e9 a zejm\u00e9na u \u017een s vlnit\u00fdmi a kudrnat\u00fdmi vlasy pak p\u0159i \u010des\u00e1n\u00ed doch\u00e1z\u00ed doslova k bolestn\u00e9mu trh\u00e1n\u00ed.&#13; 2. Jemn\u00e9 pohyby, \u017e\u00e1dn\u00e9 dr\u00e1p\u00e1n\u00ed&#13; \u00d8 Vlasy myjeme od ko\u0159\u00ednk\u016f a to jemn\u00fdmi krou\u017eiv\u00fdmi pohyby pol\u0161t\u00e1\u0159k\u016f na prstech. Spr\u00e1vn\u011b bychom nem\u011bli pou\u017e\u00edvat nehty, abychom si poko\u017eku nerozdr\u00e1pali.&#13; 3. Nejl\u00e9pe dvakr\u00e1t&#13; \u00d8 Vlasy myjeme, pokud mo\u017eno, vhodn\u00fdm \u0161amponem na ur\u010dit\u00fd typ vlas\u016f. D\u00e1 se vybrat ze spousty zna\u010dek i jejich p\u0159\u00edslu\u0161n\u00e9ho zam\u011b\u0159en\u00ed nap\u0159. na such\u00e9 vlasy, mastn\u00e9 vlasy, t\u0159ep\u00edc\u00ed se kone\u010dky a podobn\u011b. Av\u0161ak nezapom\u00ednejme, \u017ee \u0161ampon nan\u00e1\u0161\u00edme dvakr\u00e1t.&#13; 4. Nutn\u00fd kondicion\u00e9r&#13; \u00d8 Nepou\u017e\u00edvat kondicion\u00e9r je velk\u00e1 chyba. Bez n\u011bj jsou vlasy such\u00e9, l\u00e1mav\u00e9 a nezacelen\u00e9. Nav\u00edc se pou\u017e\u00edv\u00e1 na d\u00e9lku vlas\u016f a hlavn\u011b kone\u010dky. Pot\u00e9 splachujeme vla\u017en\u011bj\u0161\u00ed vodou, aby se vlasy l\u00e9pe uzav\u0159el. Vlasy tak nab\u00fdvaj\u00ed lesku a na pohled vypadaj\u00ed zdrav\u011b. Na dotek jsou velmi hebk\u00e9 a jemn\u00e9.&#13; &#13; 5. \u010cast\u00e9 myt\u00ed \u0161kod\u00ed&#13; \u00d8 Toto je \u010dast\u00e1 chyba, kterou d\u011bl\u00e1me. Myjeme sv\u00e9 vlasy velmi \u010dasto, t\u0159eba i ka\u017ed\u00fd den. Vlasy jsou tak velmi zat\u00ed\u017een\u00e9. Jak se \u0159\u00edk\u00e1 \u2013 nic se nem\u00e1 p\u0159eh\u00e1n\u011bt. A u vlas\u016f to plat\u00ed t\u00e9\u017e.&#13; 6. F\u00e9nov\u00e1n\u00ed&#13; \u00d8 Nejvhodn\u011bj\u0161\u00edm a nejzdrav\u011bj\u0161\u00edm zp\u016fsobem usu\u0161en\u00ed vlas\u016f je rozhodn\u011b ten p\u0159irozen\u00fd. Vlasy nechat rozpu\u0161t\u011bn\u00e9, voln\u00e9. \u017d\u00e1dn\u00e9 cop\u00e1nky, cul\u00edky nebo drdoly. Vlasy by se tak akor\u00e1t spa\u0159ily a to nechceme. Ov\u0161em tento proces je zdlouhav\u00fd a ne v\u017edy m\u00e1me tolik \u010dasu. V druh\u00e9m p\u0159\u00edpad\u011b a to nej\u010dast\u011bj\u0161\u00edm pou\u017e\u00edv\u00e1me f\u00e9n. Rozhodn\u011b vlasy f\u00e9novat jemn\u011b tepl\u00fdm a\u017e studen\u011bj\u0161\u00edm vzduchem. P\u0159\u00edli\u0161 hork\u00fd vzduch by vlasy mohl sp\u00e1lit a vlasy by tak ztratily lesk a jemnost.&#13;                                                                                                                                                                                                                                                                                                                                                                                        4.5\/5 - (8 votes)        "},{"@context":"https:\/\/schema.org\/","@type":"BreadcrumbList","itemListElement":[{"@type":"ListItem","position":1,"name":"N\u011bkolik tip\u016f, jak zach\u00e1zet s vlasy a nepo\u0161kodit je","item":"https:\/\/www.fasc.cz\/nekolik-tipu-jak-zachazet-s-vlasy-a-neposkodit-je\/#breadcrumbitem"}]}]