[{"@context":"https:\/\/schema.org\/","@type":"Article","@id":"https:\/\/www.fasc.cz\/muzi-umi-delat-zazraky\/#Article","mainEntityOfPage":"https:\/\/www.fasc.cz\/muzi-umi-delat-zazraky\/","headline":"Mu\u017ei um\u00ed d\u011blat z\u00e1zraky","name":"Mu\u017ei um\u00ed d\u011blat z\u00e1zraky","description":"Miluji drah\u00e9 kr\u00e9my. Vid\u011bli jste n\u011bkdy mu\u017ee, kter\u00fd si d\u00e1v\u00e1 drah\u00fd kr\u00e9m? Tak j\u00e1 se popravd\u011b p\u0159izn\u00e1m, \u017ee m\u016fj kamar\u00e1d, kter\u00fd u\u017e je dlouhodob\u00fd m\u016fj kamar\u00e1d, m\u00e1 stra\u0161n\u011b r\u00e1d drah\u00e9 kr\u00e9my. Ur\u010dit\u011b si n\u011bkte\u0159\u00ed z v\u00e1s mysl\u00edte, \u017ee mu\u017ei o sebe nedbaj\u00ed, ale opak je pravdou, a m\u016fj kamar\u00e1d je t\u00edm pr\u00e1v\u011b d\u016fkazem, proto\u017ee on [&hellip;]","datePublished":"2024-07-29","dateModified":"2024-07-29","author":{"@type":"Person","@id":"https:\/\/www.fasc.cz\/author\/#Person","name":"","url":"https:\/\/www.fasc.cz\/author\/","identifier":1,"image":{"@type":"ImageObject","@id":"https:\/\/secure.gravatar.com\/avatar\/ac70c9e5ac34d1687bd81eed3e0a5127e2920111fdfe832b53d740bc4b86c4fd?s=96&d=mm&r=g","url":"https:\/\/secure.gravatar.com\/avatar\/ac70c9e5ac34d1687bd81eed3e0a5127e2920111fdfe832b53d740bc4b86c4fd?s=96&d=mm&r=g","height":96,"width":96}},"publisher":{"@type":"Organization","name":"fasc.cz","logo":{"@type":"ImageObject","@id":"\/logo.png","url":"\/logo.png","width":600,"height":60}},"image":{"@type":"ImageObject","@id":"https:\/\/www.fasc.cz\/wp-content\/uploads\/istockphoto-1424187818-612x612.jpg","url":"https:\/\/www.fasc.cz\/wp-content\/uploads\/istockphoto-1424187818-612x612.jpg","height":0,"width":0},"url":"https:\/\/www.fasc.cz\/muzi-umi-delat-zazraky\/","about":["Mu\u017ei"],"wordCount":471,"articleBody":"Miluji drah\u00e9 kr\u00e9my. Vid\u011bli jste n\u011bkdy mu\u017ee, kter\u00fd si d\u00e1v\u00e1 drah\u00fd kr\u00e9m? Tak j\u00e1 se popravd\u011b p\u0159izn\u00e1m, \u017ee m\u016fj kamar\u00e1d, kter\u00fd u\u017e je dlouhodob\u00fd m\u016fj kamar\u00e1d, m\u00e1 stra\u0161n\u011b r\u00e1d drah\u00e9 kr\u00e9my. Ur\u010dit\u011b si n\u011bkte\u0159\u00ed z v\u00e1s mysl\u00edte, \u017ee mu\u017ei o sebe nedbaj\u00ed, ale opak je pravdou, a m\u016fj kamar\u00e1d je t\u00edm pr\u00e1v\u011b d\u016fkazem, proto\u017ee on m\u00e1 hrozn\u011b r\u00e1d ple\u0165ov\u00e9 kr\u00e9my, ple\u0165ov\u00e9 masky a hodn\u011b o sebe db\u00e1. Samoz\u0159ejm\u011b m\u011b to ani moc nep\u0159ekvapilo, proto\u017ee si mysl\u00edm, \u017ee n\u011bkte\u0159\u00ed mu\u017ei o sebe dbaj\u00ed, a to t\u0159eba potajmu, aby o nich nikdo nev\u011bd\u011bl, proto\u017ee si mysl\u00edm, \u017ee to necht\u011bj\u00ed d\u00e1vat najevo. Ale i ka\u017ed\u00fd mu\u017e o sebe m\u016f\u017ee takhle db\u00e1t. Mysl\u00edm si, \u017ee to je velice kr\u00e1sn\u00e9, kdy\u017e o sebe takhle mu\u017ei dbaj\u00ed, proto\u017ee i vlastn\u011b ti mu\u017ei se cht\u011bj\u00ed l\u00edbit \u017een\u00e1m a cht\u011bj\u00ed na sebe v\u00edc pouk\u00e1zat a cht\u011bj\u00ed d\u00e1t najevo, \u017ee jsou tak\u00e9 kr\u00e1sn\u00ed a \u017ee se um\u00ed o sebe postarat a pe\u010dovat o sv\u016fj vzhled a o svoji kr\u00e1su. Samoz\u0159ejm\u011b n\u011bkomu to m\u016f\u017ee p\u0159ipadat divn\u00e9, \u017ee o sebe n\u011bkdo takhle db\u00e1, ale sp\u00ed\u0161e to o sob\u011b nechce n\u011bkdo ani \u0159\u00edct. Rozhodn\u011b si mysl\u00edm, \u017ee kupovat si drah\u00e9 kr\u00e9my i n\u011bkde p\u0159es internet je velkou v\u00fdhodou, a rozhodn\u011b chci doporu\u010dit ostatn\u00edm p\u00e1n\u016fm, kte\u0159\u00ed maj\u00ed t\u0159eba jenom n\u011bjakou oby\u010dejnou kosmetiku, aby vyzkou\u0161eli i n\u011bco dra\u017e\u0161\u00edho a r\u016fzn\u011b experimentovali. Mysl\u00edm si, \u017ee to m\u016f\u017ee hodn\u011b ty mu\u017ee sp\u00ed\u0161e tro\u0161ku v\u00edce dojmout a m\u016f\u017ee z toho b\u00fdt takov\u00e1 p\u011bkn\u00e1 v\u011bc pro budouc\u00ed \u017eivot, proto\u017ee \u010d\u00edm v\u00edc budete o sob\u011b db\u00e1t, t\u00edm v\u00edc z toho vyzkou\u0161\u00edte, m\u016f\u017eete vyzkou\u0161et, co v\u00e1m sed\u00ed v\u00edc, co sed\u00ed m\u00ed\u0148, a rozhodn\u011b se nen\u00ed za co styd\u011bt. Tak\u017ee v\u0159ele doporu\u010duji i dal\u0161\u00edm p\u00e1n\u016fm, aby o sebe hodn\u011b pe\u010dovali, a doporu\u010duji, a pokud se styd\u00edte za to, \u017ee pou\u017e\u00edv\u00e1te n\u011bjak\u00e9 kr\u00e9my, \u017ee o sebe db\u00e1te, tak se za to v\u016fbec nesty\u010fte, proto\u017ee to je to nejlep\u0161\u00ed, co d\u011bl\u00e1te pro sv\u016fj vzhled, a to je pr\u00e1v\u011b to nejlep\u0161\u00ed, co prost\u011b pro sebe ud\u011bl\u00e1te. A v\u011b\u0159te tomu, \u017ee va\u0161\u00ed partnerce nebo man\u017eelce se to bude n\u00e1ramn\u011b l\u00edbit.                                                                                                                                                                                                                                                                                                                                                                                        3.8\/5 - (9 votes)        "},{"@context":"https:\/\/schema.org\/","@type":"BreadcrumbList","itemListElement":[{"@type":"ListItem","position":1,"name":"Mu\u017ei um\u00ed d\u011blat z\u00e1zraky","item":"https:\/\/www.fasc.cz\/muzi-umi-delat-zazraky\/#breadcrumbitem"}]}]