[{"@context":"https:\/\/schema.org\/","@type":"Article","@id":"https:\/\/www.fasc.cz\/moderni-obleceni\/#Article","mainEntityOfPage":"https:\/\/www.fasc.cz\/moderni-obleceni\/","headline":"Modern\u00ed oble\u010den\u00ed","name":"Modern\u00ed oble\u010den\u00ed","description":"V dne\u0161n\u00ed dob\u011b je m\u00f3da takov\u00e1 opravdu hodn\u011b r\u016fznorod\u00e1 a ani nev\u00edm, co je zrovna modern\u00ed a co se zrovna nos\u00ed, proto\u017ee kdy\u017e se d\u00edv\u00e1m okolo sebe, tak ka\u017ed\u00e1 d\u00edvka nebo i ka\u017ed\u00fd kluk nos\u00ed \u00fapln\u011b n\u011bco jin\u00e9ho. V dne\u0161n\u00ed dob\u011b je tak\u00e9 velice popul\u00e1rn\u00ed, co\u017e jsem si v\u0161imla, \u017ee nos\u00ed v\u0161ichni takov\u00e9 voln\u00e9 t\u0159\u00ed\u010dtvr\u0165\u00e1ky [&hellip;]","datePublished":"2024-01-27","dateModified":"2024-01-27","author":{"@type":"Person","@id":"https:\/\/www.fasc.cz\/author\/#Person","name":"","url":"https:\/\/www.fasc.cz\/author\/","identifier":1,"image":{"@type":"ImageObject","@id":"https:\/\/secure.gravatar.com\/avatar\/ac70c9e5ac34d1687bd81eed3e0a5127e2920111fdfe832b53d740bc4b86c4fd?s=96&d=mm&r=g","url":"https:\/\/secure.gravatar.com\/avatar\/ac70c9e5ac34d1687bd81eed3e0a5127e2920111fdfe832b53d740bc4b86c4fd?s=96&d=mm&r=g","height":96,"width":96}},"publisher":{"@type":"Organization","name":"fasc.cz","logo":{"@type":"ImageObject","@id":"\/logo.png","url":"\/logo.png","width":600,"height":60}},"image":{"@type":"ImageObject","@id":"https:\/\/www.fasc.cz\/wp-content\/uploads\/women-2200225_960_720.jpg","url":"https:\/\/www.fasc.cz\/wp-content\/uploads\/women-2200225_960_720.jpg","height":0,"width":0},"url":"https:\/\/www.fasc.cz\/moderni-obleceni\/","about":["M\u00f3da"],"wordCount":414,"articleBody":"V dne\u0161n\u00ed dob\u011b je m\u00f3da takov\u00e1 opravdu hodn\u011b r\u016fznorod\u00e1 a ani nev\u00edm, co je zrovna modern\u00ed a co se zrovna nos\u00ed, proto\u017ee kdy\u017e se d\u00edv\u00e1m okolo sebe, tak ka\u017ed\u00e1 d\u00edvka nebo i ka\u017ed\u00fd kluk nos\u00ed \u00fapln\u011b n\u011bco jin\u00e9ho. V dne\u0161n\u00ed dob\u011b je tak\u00e9 velice popul\u00e1rn\u00ed, co\u017e jsem si v\u0161imla, \u017ee nos\u00ed v\u0161ichni takov\u00e9 voln\u00e9 t\u0159\u00ed\u010dtvr\u0165\u00e1ky a potom k tomu si opravdu hodn\u011b vysok\u00e9 podkolenky a gumov\u00e9 pantofle. Ani nev\u00edm, jestli se mi to l\u00edb\u00ed. Mn\u011b se akor\u00e1t v posledn\u00ed dob\u011b moc l\u00edb\u00ed \u0161irok\u00e9 kalhoty anebo takov\u00e9 zvonov\u00e9 kalhoty. Ty byly d\u0159\u00edve tak\u00e9 hodn\u011b popul\u00e1rn\u00ed a v\u00a0dne\u0161n\u00ed dob\u011b se tato m\u00f3da vr\u00e1tila. Ale abych se p\u0159iznala, tak st\u00e1le vid\u00edm i mlad\u00e9 d\u00edvky, kter\u00e9 nos\u00ed takov\u00e9 mask\u00e1\u010dov\u00e9 kalhoty anebo dokonce i takov\u00e9 tenk\u00e9 upnut\u00e9 slim d\u017e\u00edny. A to se pr\u00fd dokonce slim d\u017e\u00edny u\u017e v\u016fbec nenos\u00ed. J\u00e1 tedy nev\u00edm, jak tohle je, proto\u017ee j\u00e1 sice m\u00f3du sleduji, ale na sto procent\u00a0j\u00ed nedodr\u017euji \u00fapln\u011b. J\u00e1 bych zase t\u0159eba nemohla nosit mask\u00e1\u010dov\u00e9 kalhoty anebo t\u0159\u00ed\u010dtvr\u0165\u00e1ky a k\u00a0tomu vysok\u00e9 podkolenky a plastov\u00e9 nebo gumov\u00e9 pantofle. Nebo vy byste je nosili? Mo\u017en\u00e1, kdybych byla je\u0161t\u011b teenager, tak bych tohle nosila, \u017ee bych si po\u0159\u00eddila t\u0159eba n\u011bjak\u00e9 plastov\u00e9 gumov\u00e9 pantofle. Ale mn\u011b je p\u011btat\u0159icet let a nos\u00edm u\u017e tak\u00e9 roz\u0161\u00ed\u0159en\u00e9 d\u017e\u00edny, ale k tomu nos\u00edm opravdu kr\u00e1sn\u00e9, p\u011bkn\u00e9 tenisky na platform\u011b, proto\u017ee boty na platform\u011b se mi moc l\u00edb\u00ed. A mysl\u00edm si, \u017ee jsem opravdu nad\u0161en\u00e1, \u017ee tak\u00e9 mi slu\u0161\u00ed tyto zvonov\u00e9 d\u017e\u00edny.Dokonce jsem sly\u0161ela, \u017ee pr\u00e1v\u011b voln\u00e9 zvonov\u00e9 d\u017e\u00edny lichot\u00ed v\u00edce \u017eensk\u00e9 postav\u011b ne\u017e upnut\u00e9 slim anebo skinny d\u017e\u00edny. Tak\u017ee tohle m\u011b t\u011b\u0161\u00ed. A kdy\u017e jsem se potom pod\u00edvala do zrcadla, tak je to pravda opravdu m\u016fj zadek vypadal men\u0161\u00ed, ne\u017e kdybych nosila upnut\u00e9 slim nebo skinny d\u017e\u00edny. Tak\u017ee pokud je\u0161t\u011b st\u00e1le v\u00e1h\u00e1te, jestli m\u00e1te tak\u00e9 nosit zvonov\u00e9 d\u017e\u00edny, i kdy\u017e j\u00e1 m\u00e1m t\u0159eba p\u011btat\u0159icet let, tak opravdu nev\u00e1hejte. Va\u0161e postava se opticky zv\u00fdrazn\u00ed. Opticky se v\u00e1m prodlou\u017e\u00ed nohy a va\u0161e postava bude takov\u00e1 u\u017e\u0161\u00ed a \u0161t\u00edhlej\u0161\u00ed.\u00a0                                                                                                                                                                                                                                                                                                                                                                                        4.9\/5 - (8 votes)        "},{"@context":"https:\/\/schema.org\/","@type":"BreadcrumbList","itemListElement":[{"@type":"ListItem","position":1,"name":"Modern\u00ed oble\u010den\u00ed","item":"https:\/\/www.fasc.cz\/moderni-obleceni\/#breadcrumbitem"}]}]