[{"@context":"https:\/\/schema.org\/","@type":"Article","@id":"https:\/\/www.fasc.cz\/krasny-darek\/#Article","mainEntityOfPage":"https:\/\/www.fasc.cz\/krasny-darek\/","headline":"Kr\u00e1sn\u00fd d\u00e1rek","name":"Kr\u00e1sn\u00fd d\u00e1rek","description":"Hled\u00e1te v p\u0159edv\u00e1no\u010dn\u00edm shonu je\u0161t\u011b n\u011bjak\u00e9 d\u00e1rky a nev\u00edte, kdy byste m\u011bli v\u0161e st\u00edhat? Pot\u0159ebujete n\u011bjak\u00fd n\u00e1pad, kter\u00fd by v\u00e1s tak\u0159\u00edkaj\u00edc zachr\u00e1nil? Pak pro v\u00e1s m\u00e1me skv\u011bl\u00fd tip, kter\u00fd jist\u011b ocen\u00edte a uvid\u00edte, jak se bude l\u00edbit adres\u00e1tovi takov\u00e9ho daru! Jsou tu pro v\u00e1s hrnky na k\u00e1vu, kter\u00e9 jsou jedine\u010dn\u00e9 sv\u00fdm vzhledem a co jim [&hellip;]","datePublished":"2024-04-19","dateModified":"2024-04-19","author":{"@type":"Person","@id":"https:\/\/www.fasc.cz\/author\/#Person","name":"","url":"https:\/\/www.fasc.cz\/author\/","identifier":1,"image":{"@type":"ImageObject","@id":"https:\/\/secure.gravatar.com\/avatar\/ac70c9e5ac34d1687bd81eed3e0a5127e2920111fdfe832b53d740bc4b86c4fd?s=96&d=mm&r=g","url":"https:\/\/secure.gravatar.com\/avatar\/ac70c9e5ac34d1687bd81eed3e0a5127e2920111fdfe832b53d740bc4b86c4fd?s=96&d=mm&r=g","height":96,"width":96}},"publisher":{"@type":"Organization","name":"fasc.cz","logo":{"@type":"ImageObject","@id":"\/logo.png","url":"\/logo.png","width":600,"height":60}},"url":"https:\/\/www.fasc.cz\/krasny-darek\/","wordCount":265,"articleBody":"Hled\u00e1te v p\u0159edv\u00e1no\u010dn\u00edm shonu je\u0161t\u011b n\u011bjak\u00e9 d\u00e1rky a nev\u00edte, kdy byste m\u011bli v\u0161e st\u00edhat? Pot\u0159ebujete n\u011bjak\u00fd n\u00e1pad, kter\u00fd by v\u00e1s tak\u0159\u00edkaj\u00edc zachr\u00e1nil? Pak pro v\u00e1s m\u00e1me skv\u011bl\u00fd tip, kter\u00fd jist\u011b ocen\u00edte a uvid\u00edte, jak se bude l\u00edbit adres\u00e1tovi takov\u00e9ho daru! Jsou tu pro v\u00e1s hrnky na k\u00e1vu, kter\u00e9 jsou jedine\u010dn\u00e9 sv\u00fdm vzhledem a co jim d\u00e1v\u00e1 skv\u011bl\u00e9 plus je to, \u017ee jsou v sad\u011b. Nemus\u00edte \u010dekat vzhled klasick\u00fdch hrnk\u016f, ale modern\u00ed proveden\u00ed a to spolu se dv\u011bma l\u017ei\u010dkami a tak\u00e9 s jedn\u00edm t\u00e1ckem, na kter\u00fd m\u016f\u017eete oba hrnky polo\u017eit. Sta\u010d\u00ed se pod\u00edvat do na\u0161\u00ed nab\u00eddky, kde ve stejnojmenn\u00e9 kategorii naleznete tento kr\u00e1sn\u00fd set. Nev\u00e1hejte dlouho a objednejte si ho.Nejlep\u0161\u00ed \u010daj i k\u00e1vaAbyste byli spokojeni, m\u016f\u017eete si rovnou v na\u0161em obchod\u011b vybrat n\u011bjak\u00e9 \u010daje nebo k\u00e1vu, kter\u00e9 byste mohli v takov\u00fdch hrnc\u00edch ochutn\u00e1vat. A\u0165 u\u017e pro sebe, nebo jako d\u00e1rek pro n\u011bkoho jin\u00e9ho, m\u016f\u017eete vyb\u00edrat z mnoha druh\u016f k\u00e1vy i \u010daj\u016f, kter\u00e9 u n\u00e1s m\u00e1me. Okuste tedy skv\u011blou chu\u0165 z kr\u00e1sn\u00fdch hrnk\u016f, kter\u00e9 v\u00e1s mohou doprov\u00e1zet ve chv\u00edl\u00edch odpo\u010dinku a relaxov\u00e1n\u00ed. Kdybyste snad m\u011bli jak\u00e9koli pot\u00ed\u017ee nebo cht\u011bli poradit, nev\u00e1hejte se na n\u00e1s obr\u00e1tit.                                                                                                                                                                                                                                                                                                                                                                                        4.6\/5 - (8 votes)        "},{"@context":"https:\/\/schema.org\/","@type":"BreadcrumbList","itemListElement":[{"@type":"ListItem","position":1,"name":"Kr\u00e1sn\u00fd d\u00e1rek","item":"https:\/\/www.fasc.cz\/krasny-darek\/#breadcrumbitem"}]}]