[{"@context":"https:\/\/schema.org\/","@type":"Article","@id":"https:\/\/www.fasc.cz\/krasa-v-prubehu-casu\/#Article","mainEntityOfPage":"https:\/\/www.fasc.cz\/krasa-v-prubehu-casu\/","headline":"Kr\u00e1sa v pr\u016fb\u011bhu \u010dasu","name":"Kr\u00e1sa v pr\u016fb\u011bhu \u010dasu","description":"Kr\u00e1sa. N\u011bco, co se v\u00a0historii lidstva ji\u017e mnohokr\u00e1te \u0159e\u0161ilo. Vlastn\u011b se d\u00e1 \u0159\u00edci, \u017ee se toto t\u00e9ma \u0159e\u0161ilo v\u017edy. Jen je velmi zaj\u00edmav\u00e9 a n\u011bkdy a\u017e \u00fasm\u011bvn\u00e9, co bylo za kr\u00e1su pova\u017eov\u00e1no. V\u00a0\u017e\u00e1dn\u00e9m \u010dasov\u00e9m obdob\u00ed se ned\u00e1 definovat pouze jeden typ pova\u017eovan\u00fd za kr\u00e1sn\u00fd. V\u017edy se k\u00a0tomuto popisu mus\u00ed p\u0159idat tak\u00e9 informace o m\u00edstu, o [&hellip;]","datePublished":"2023-11-19","dateModified":"2023-11-19","author":{"@type":"Person","@id":"https:\/\/www.fasc.cz\/author\/#Person","name":"","url":"https:\/\/www.fasc.cz\/author\/","identifier":1,"image":{"@type":"ImageObject","@id":"https:\/\/secure.gravatar.com\/avatar\/ac70c9e5ac34d1687bd81eed3e0a5127e2920111fdfe832b53d740bc4b86c4fd?s=96&d=mm&r=g","url":"https:\/\/secure.gravatar.com\/avatar\/ac70c9e5ac34d1687bd81eed3e0a5127e2920111fdfe832b53d740bc4b86c4fd?s=96&d=mm&r=g","height":96,"width":96}},"publisher":{"@type":"Organization","name":"fasc.cz","logo":{"@type":"ImageObject","@id":"\/logo.png","url":"\/logo.png","width":600,"height":60}},"image":{"@type":"ImageObject","@id":"https:\/\/www.fasc.cz\/wp-content\/uploads\/girl-2436545_640(1).jpg","url":"https:\/\/www.fasc.cz\/wp-content\/uploads\/girl-2436545_640(1).jpg","height":0,"width":0},"url":"https:\/\/www.fasc.cz\/krasa-v-prubehu-casu\/","about":["Kr\u00e1sa"],"wordCount":410,"articleBody":"Kr\u00e1sa. N\u011bco, co se v\u00a0historii lidstva ji\u017e mnohokr\u00e1te \u0159e\u0161ilo. Vlastn\u011b se d\u00e1 \u0159\u00edci, \u017ee se toto t\u00e9ma \u0159e\u0161ilo v\u017edy. Jen je velmi zaj\u00edmav\u00e9 a n\u011bkdy a\u017e \u00fasm\u011bvn\u00e9, co bylo za kr\u00e1su pova\u017eov\u00e1no. V\u00a0\u017e\u00e1dn\u00e9m \u010dasov\u00e9m obdob\u00ed se ned\u00e1 definovat pouze jeden typ pova\u017eovan\u00fd za kr\u00e1sn\u00fd. V\u017edy se k\u00a0tomuto popisu mus\u00ed p\u0159idat tak\u00e9 informace o m\u00edstu, o kter\u00e9m je v\u00a0p\u0159\u00edpad\u011b \u0159e\u010d. Pokud bychom se soust\u0159edili pouze na oblast Evropy a popisovali jen n\u011bkolik desetilet\u00ed v\u00a0r\u00e1mci minul\u00e9ho stolet\u00ed, zjist\u00edme, \u017ee se v\u00a0r\u00e1mci tohoto kr\u00e1tk\u00e9ho \u010dasov\u00e9ho obdob\u00ed objevuje hned n\u011bkolik typ\u016f. Velmi \u010dasto je mo\u017en\u00e9 v\u00a0r\u00e1mci historie pozorovat trend, kdy doch\u00e1z\u00ed k\u00a0pravideln\u00e9mu st\u0159\u00edd\u00e1n\u00ed popularity n\u011bkter\u00fdch rys\u016f. Kr\u00e1sn\u011b se tento fakt d\u00e1 popsat na m\u00f3d\u011b, kterou m\u00e1me ka\u017ed\u00fd dennodenn\u011b na o\u010d\u00edch. P\u0159\u00edkladem tak mohou b\u00fdt oby\u010dejn\u00e9 kalhoty. Nen\u00ed to ani tak d\u00e1vno, co byly m\u00f3dn\u00ed \u00fazk\u00e9 nohavice a nyn\u00ed se naopak klon\u00edme k\u00a0nohavic\u00edm velmi \u0161irok\u00fdm. Stejn\u00e9 pravidlo tak m\u016f\u017ee platit i v\u00a0p\u0159\u00edpad\u011b t\u011blesn\u00e9 kr\u00e1sy. Na za\u010d\u00e1tku minul\u00e9ho stolet\u00ed bylo za kr\u00e1sn\u00e9 ozna\u010dovan\u00e9, pokud \u017eena m\u011bla jen velmi m\u00e1lo nazna\u010den\u00e9 \u017eensk\u00e9 k\u0159ivky. V\u00a0m\u00f3d\u011b byl jednodu\u0161e chlapeck\u00fd typ postavy, bez velk\u00e9ho poprs\u00ed a bok\u016f. Bylo b\u011b\u017en\u00e9 nosit vycp\u00e1vky ramen, proto\u017ee tento rys je\u0161t\u011b v\u00edce zv\u00fdraz\u0148oval hranatost postavy a siluety. Pokud bychom se pod\u00edvali na \u017eeny, kter\u00e9 plat\u00ed za dne\u0161n\u00ed sex symboly, pak bychom u nich nalezly prav\u00fd opak. V\u00fdrazn\u00e9 poprs\u00ed a velmi \u0161irok\u00e9 boky jsou zkr\u00e1tka vyhled\u00e1van\u00e9. A to dokonce tak, \u017ee jsou n\u011bkter\u00e9 \u017eeny ochotn\u00e9 podstupovat r\u016fzn\u00e9 procedury, kter\u00e9 jim vytou\u017een\u00e9 k\u0159ivky zajist\u00ed. Z\u00a0ur\u010dit\u00e9ho \u00fahlu pohledu se tento p\u0159\u00edstup m\u016f\u017ee jevit jako kr\u00e1tkozrak\u00fd. Jak ji\u017e bylo pops\u00e1no, pojet\u00ed kr\u00e1sy nen\u00ed stabiln\u00ed a v\u00a0\u010dase se docela pravideln\u011b m\u011bn\u00ed. Nen\u00ed tak vhodn\u00e9 d\u011blat na sv\u00e9 t\u011ble \u00fapravy, kter\u00e9 se jen slo\u017eit\u011b daj\u00ed vr\u00e1tit zp\u00e1tky. \u010clov\u011bk by tak na sob\u011b m\u011bl ocenit i to hlub\u0161\u00ed a nesoust\u0159edit se pouze na povrchn\u00ed a pom\u00edjivou kr\u00e1su.                                                                                                                                                                                                                                                                                                                                                                                                "},{"@context":"https:\/\/schema.org\/","@type":"BreadcrumbList","itemListElement":[{"@type":"ListItem","position":1,"name":"Kr\u00e1sa v pr\u016fb\u011bhu \u010dasu","item":"https:\/\/www.fasc.cz\/krasa-v-prubehu-casu\/#breadcrumbitem"}]}]