[{"@context":"https:\/\/schema.org\/","@type":"Article","@id":"https:\/\/www.fasc.cz\/je-vhodne-pro-zamestnance-na-sluzebnich-cestach\/#Article","mainEntityOfPage":"https:\/\/www.fasc.cz\/je-vhodne-pro-zamestnance-na-sluzebnich-cestach\/","headline":"Je vhodn\u00e9 pro zam\u011bstnance na slu\u017eebn\u00edch cest\u00e1ch","name":"Je vhodn\u00e9 pro zam\u011bstnance na slu\u017eebn\u00edch cest\u00e1ch","description":"Sh\u00e1n\u00edte p\u0159esp\u00e1n\u00ed pro va\u0161e pracovn\u00edky na slu\u017eebn\u00ed cest\u011b v na\u0161em hlavn\u00edm m\u011bst\u011b? Mo\u017en\u00e1, \u017ee bychom m\u011bli pro v\u00e1s \u0159e\u0161en\u00ed. Vyu\u017eijte na\u0161eho levn\u00e9ho ubytov\u00e1n\u00ed Praha. Dostanou se do p\u0159\u00edjemn\u00e9ho prost\u0159ed\u00ed. Nen\u00ed nutn\u00e9 se ob\u00e1vat, \u017ee se jedn\u00e1 o nocleh\u00e1rnu. Pokoje jsou velmi dob\u0159e a \u00fa\u010deln\u011b vybaven\u00e9. Nechyb\u00ed ani WiFi p\u0159ipojen\u00ed, kter\u00e9 nab\u00edz\u00edme zcela zdarma. M\u016f\u017eete b\u00fdt [&hellip;]","datePublished":"2025-09-04","dateModified":"2025-09-04","author":{"@type":"Person","@id":"https:\/\/www.fasc.cz\/author\/#Person","name":"","url":"https:\/\/www.fasc.cz\/author\/","identifier":1,"image":{"@type":"ImageObject","@id":"https:\/\/secure.gravatar.com\/avatar\/ac70c9e5ac34d1687bd81eed3e0a5127e2920111fdfe832b53d740bc4b86c4fd?s=96&d=mm&r=g","url":"https:\/\/secure.gravatar.com\/avatar\/ac70c9e5ac34d1687bd81eed3e0a5127e2920111fdfe832b53d740bc4b86c4fd?s=96&d=mm&r=g","height":96,"width":96}},"publisher":{"@type":"Organization","name":"fasc.cz","logo":{"@type":"ImageObject","@id":"\/logo.png","url":"\/logo.png","width":600,"height":60}},"url":"https:\/\/www.fasc.cz\/je-vhodne-pro-zamestnance-na-sluzebnich-cestach\/","wordCount":170,"articleBody":"Sh\u00e1n\u00edte p\u0159esp\u00e1n\u00ed pro va\u0161e pracovn\u00edky na slu\u017eebn\u00ed cest\u011b v na\u0161em hlavn\u00edm m\u011bst\u011b? Mo\u017en\u00e1, \u017ee bychom m\u011bli pro v\u00e1s \u0159e\u0161en\u00ed. Vyu\u017eijte na\u0161eho levn\u00e9ho ubytov\u00e1n\u00ed Praha. Dostanou se do p\u0159\u00edjemn\u00e9ho prost\u0159ed\u00ed. Nen\u00ed nutn\u00e9 se ob\u00e1vat, \u017ee se jedn\u00e1 o nocleh\u00e1rnu. Pokoje jsou velmi dob\u0159e a \u00fa\u010deln\u011b vybaven\u00e9. Nechyb\u00ed ani WiFi p\u0159ipojen\u00ed, kter\u00e9 nab\u00edz\u00edme zcela zdarma. M\u016f\u017eete b\u00fdt st\u00e1le ve spojen\u00ed se sv\u00fdm okol\u00edm Na\u0161e levn\u00e9 ubytov\u00e1n\u00ed Praha se v\u00e1m postar\u00e1 o p\u0159esp\u00e1n\u00ed v hlavn\u00edm m\u011bst\u011b. Nem\u00e1me je sice p\u0159\u00edmo v samotn\u00e9m centru, ale d\u00e1 se do v\u0161ech provozoven snadno dojet m\u011bstskou hromadnou dopravou. Do centra to s n\u00ed budete m\u00edt jenom kousek. Hned pobl\u00ed\u017e pak najdete n\u011bkterou z na\u0161ich provozoven. Naleznete je hned na n\u011bkolika m\u00edstech. Tak nev\u00e1hejte a zarezervujte si pokoj.                                                                                                                                                                                                                                                                                                                                                                                                "},{"@context":"https:\/\/schema.org\/","@type":"BreadcrumbList","itemListElement":[{"@type":"ListItem","position":1,"name":"Je vhodn\u00e9 pro zam\u011bstnance na slu\u017eebn\u00edch cest\u00e1ch","item":"https:\/\/www.fasc.cz\/je-vhodne-pro-zamestnance-na-sluzebnich-cestach\/#breadcrumbitem"}]}]