[{"@context":"https:\/\/schema.org\/","@type":"Article","@id":"https:\/\/www.fasc.cz\/jak-to-vsechno-uhlidat\/#Article","mainEntityOfPage":"https:\/\/www.fasc.cz\/jak-to-vsechno-uhlidat\/","headline":"Jak to v\u0161echno uhl\u00eddat?","name":"Jak to v\u0161echno uhl\u00eddat?","description":"Ur\u010dit\u011b si to dok\u00e1\u017eete p\u0159edstavit. Jak se asi mus\u00ed c\u00edtit ten, kdo m\u00e1 zodpov\u011bdnost za firemn\u00ed vozidla a dal\u0161\u00ed techniku, ve chv\u00edli, kdy p\u0159ed\u00e1 kl\u00ed\u010dky \u0161of\u00e9r\u016fm a dal\u0161\u00edmu person\u00e1lu a ti se mu s t\u00edm rozjedou do v\u0161ech p\u0159edstaviteln\u00fdch i nep\u0159edstaviteln\u00fdch kon\u010din. V tu chv\u00edli mu toti\u017e z\u00e1konit\u011b mus\u00ed b\u011b\u017eet hlavou jen ty nej\u010dern\u011bj\u0161\u00ed my\u0161lenky. [&hellip;]","datePublished":"2020-01-14","dateModified":"2023-09-01","author":{"@type":"Person","@id":"https:\/\/www.fasc.cz\/author\/#Person","name":"","url":"https:\/\/www.fasc.cz\/author\/","identifier":1,"image":{"@type":"ImageObject","@id":"https:\/\/secure.gravatar.com\/avatar\/ac70c9e5ac34d1687bd81eed3e0a5127e2920111fdfe832b53d740bc4b86c4fd?s=96&d=mm&r=g","url":"https:\/\/secure.gravatar.com\/avatar\/ac70c9e5ac34d1687bd81eed3e0a5127e2920111fdfe832b53d740bc4b86c4fd?s=96&d=mm&r=g","height":96,"width":96}},"publisher":{"@type":"Organization","name":"fasc.cz","logo":{"@type":"ImageObject","@id":"\/logo.png","url":"\/logo.png","width":600,"height":60}},"image":{"@type":"ImageObject","@id":"https:\/\/www.fasc.cz\/wp-content\/uploads\/img_a350814_w1721_t1565681548.jpg","url":"https:\/\/www.fasc.cz\/wp-content\/uploads\/img_a350814_w1721_t1565681548.jpg","height":0,"width":0},"url":"https:\/\/www.fasc.cz\/jak-to-vsechno-uhlidat\/","video":{"@context":"http:\/\/schema.org\/","@type":"VideoObject","@id":"https:\/\/www.youtube.com\/watch?v=--zzUTZD83o#VideoObject","contentUrl":"https:\/\/www.youtube.com\/watch?v=--zzUTZD83o","name":"Dopravn\u00ed z\u00e1cpa","description":"Dopravn\u00ed z\u00e1cpa Praha \u017di\u017ekov 12.3.2018","thumbnailUrl":["https:\/\/i.ytimg.com\/vi\/--zzUTZD83o\/default.jpg","https:\/\/i.ytimg.com\/vi\/--zzUTZD83o\/mqdefault.jpg","https:\/\/i.ytimg.com\/vi\/--zzUTZD83o\/hqdefault.jpg","https:\/\/i.ytimg.com\/vi\/--zzUTZD83o\/sddefault.jpg","https:\/\/i.ytimg.com\/vi\/--zzUTZD83o\/maxresdefault.jpg"],"uploadDate":"2018-03-16T13:11:43+00:00","duration":"PT5M47S","embedUrl":"https:\/\/www.youtube.com\/embed\/--zzUTZD83o","publisher":{"@type":"Organization","@id":"https:\/\/www.youtube.com\/channel\/UC2nRKq0aTvaTywHy4Hu6bGw#Organization","url":"https:\/\/www.youtube.com\/channel\/UC2nRKq0aTvaTywHy4Hu6bGw","name":"Petr Porubsk\u00fd","description":"","logo":{"url":"https:\/\/yt3.ggpht.com\/ytc\/AIdro_nxVclOcuQNjp5BrLshVRTPCC1NimOUPK9x5Q-CvhE00EQ=s800-c-k-c0x00ffffff-no-rj","width":800,"height":800,"@type":"ImageObject","@id":"https:\/\/www.youtube.com\/watch?v=--zzUTZD83o#VideoObject_publisher_logo_ImageObject"}},"potentialAction":{"@type":"SeekToAction","@id":"https:\/\/www.youtube.com\/watch?v=--zzUTZD83o#VideoObject_potentialAction","target":"https:\/\/www.youtube.com\/watch?v=--zzUTZD83o&t={seek_to_second_number}","startOffset-input":"required name=seek_to_second_number"},"interactionStatistic":[[{"@type":"InteractionCounter","@id":"https:\/\/www.youtube.com\/watch?v=--zzUTZD83o#VideoObject_interactionStatistic_WatchAction","interactionType":{"@type":"WatchAction"},"userInteractionCount":202}]]},"about":["Business"],"wordCount":454,"articleBody":"       Ur\u010dit\u011b si to dok\u00e1\u017eete p\u0159edstavit. Jak se asi mus\u00ed c\u00edtit ten, kdo m\u00e1 zodpov\u011bdnost za firemn\u00ed vozidla a dal\u0161\u00ed techniku, ve chv\u00edli, kdy p\u0159ed\u00e1 kl\u00ed\u010dky \u0161of\u00e9r\u016fm a dal\u0161\u00edmu person\u00e1lu a ti se mu s t\u00edm rozjedou do v\u0161ech p\u0159edstaviteln\u00fdch i nep\u0159edstaviteln\u00fdch kon\u010din. V tu chv\u00edli mu toti\u017e z\u00e1konit\u011b mus\u00ed b\u011b\u017eet hlavou jen ty nej\u010dern\u011bj\u0161\u00ed my\u0161lenky. Co kdy\u017e mu n\u011bkde na cest\u011b n\u011bkdo havaruje?  Co kdy\u017e bude m\u00edt ona technika cestou nebo v c\u00edlov\u00e9 destinaci poruchu?  Co kdy\u017e se obsluha, nal\u00e9zaj\u00edc\u00ed se mimo jakoukoliv kontrolu, chop\u00ed p\u0159\u00edle\u017eitosti a nam\u00edsto pr\u00e1ce si s onou technikou odsko\u010d\u00ed na n\u011bjak\u00fd ten melouch?  Nebo co kdy\u017e si p\u0159ilep\u0161\u00ed t\u00edm, \u017ee ukradne dejme tomu pohonn\u00e9 hmoty z n\u00e1dr\u017ee (nebo rovnou z tankovac\u00ed karty), n\u00e1hradn\u00ed d\u00edly a n\u00e1\u0159ad\u00ed nebo dokonce cel\u00e9 za\u0159\u00edzen\u00ed a vozidlo?  Nebo co kdy\u017e naopak budou ti zam\u011bstnanci l\u00edn\u00ed a bez kontroly vyk\u00e1\u017eou i neodvedenou pr\u00e1ci jako hotovou a na nic ani nes\u00e1hnou?  Co kdy\u017e\u2026?   Takov\u00fdch \u201aco kdy\u017e\u2018 je! A v\u0161echna maj\u00ed spole\u010dn\u00e9 to, \u017ee kv\u016fli nim p\u0159ich\u00e1z\u00ed firma o pen\u00edze. A vzhledem k cen\u00e1m n\u011b\u010deho takov\u00e9ho rozhodn\u011b nejde o p\u00e1r drobn\u00fdch. Jen\u017ee jak to m\u00e1 takov\u00fd majitel \u010di vedouc\u00ed pracovn\u00edk ohl\u00eddat? I kdyby se rozkr\u00e1jel, nem\u016f\u017ee b\u00fdt v\u017edy a v\u0161ude, nem\u016f\u017ee se d\u00edvat pod prsty zam\u011bstnanc\u016fm, kte\u0159\u00ed jsou rozeseti s onou technikou klidn\u011b i po cel\u00e9 republice a dost mo\u017en\u00e1 i je\u0161t\u011b d\u00e1l. N\u011bkoho takov\u00e9ho u\u017e m\u016f\u017ee p\u0159ed ztr\u00e1tami, ne-li p\u0159\u00edmo bankrotem, zachr\u00e1nit jedin\u011b RMC syst\u00e9m. Tedy satelitn\u00ed sledov\u00e1n\u00ed vozidel, umo\u017e\u0148uj\u00edc\u00ed v\u011bd\u011bt jak bezprost\u0159edn\u011b v kter\u00e9mkoliv okam\u017eiku, tak i zp\u011btn\u011b, o v\u0161em, co se kde kolem takov\u00fdch vozidel a techniky d\u011bje. Daj\u00ed se j\u00edm sledovat osobn\u00ed i n\u00e1kladn\u00ed auta, stavebn\u00ed, zem\u011bd\u011blsk\u00e1 i komun\u00e1ln\u00ed technika, lokomotivy a samoz\u0159ejm\u011b i zam\u011bstnanci, kte\u0159\u00ed se na pou\u017e\u00edv\u00e1n\u00ed a obsluze tohoto pod\u00edlej\u00ed. Nen\u00ed probl\u00e9m zjistit, kdo pracuje a kdo leno\u0161\u00ed, kdo d\u011bl\u00e1 to, co m\u00e1, a kdo to, co nem\u00e1, kdo si neleg\u00e1ln\u011b p\u0159ilep\u0161uje na firemn\u00ed \u00fakor. Co\u017e je logicky d\u016fle\u017eit\u00e1 v\u011bc. A je dob\u0159e, \u017ee m\u016f\u017eete m\u00edt podobn\u00fd syst\u00e9m i vy. U\u0161et\u0159\u00edte si t\u00edm pen\u00edze i nervy.                                                                                                                                                                                                                                                                                                                                                                                          4\/5 - (7 votes)        "},{"@context":"https:\/\/schema.org\/","@type":"BreadcrumbList","itemListElement":[{"@type":"ListItem","position":1,"name":"Jak to v\u0161echno uhl\u00eddat?","item":"https:\/\/www.fasc.cz\/jak-to-vsechno-uhlidat\/#breadcrumbitem"}]}]