[{"@context":"https:\/\/schema.org\/","@type":"Article","@id":"https:\/\/www.fasc.cz\/dum-na-vesnici-nebo-byt-ve-meste\/#Article","mainEntityOfPage":"https:\/\/www.fasc.cz\/dum-na-vesnici-nebo-byt-ve-meste\/","headline":"D\u016fm na vesnici nebo byt ve m\u011bst\u011b?","name":"D\u016fm na vesnici nebo byt ve m\u011bst\u011b?","description":"Koupit si rodinn\u00fd d\u016fm nebo byt v centru m\u011bsta? Oboj\u00ed m\u00e1 sv\u00e9 v\u00fdhody a oboj\u00ed je vhodn\u00e9 pro ka\u017ed\u00e9ho. Jak si tedy vybrat, pokud m\u00e1te tu mo\u017enost? Inu, nen\u00ed to v\u016fbec jednoduch\u00e9, nebo\u0165 \u010dlov\u011bk si mus\u00ed uv\u011bdomit, co se mu d\u00edky ka\u017ed\u00e9 mo\u017enosti otev\u0159e. Nap\u0159\u00edklad bydlen\u00ed ve m\u011bst\u011b m\u00e1 tu v\u00fdhodu, \u017ee m\u00e1te v\u0161echno na [&hellip;]","datePublished":"2023-05-06","dateModified":"2023-05-06","author":{"@type":"Person","@id":"https:\/\/www.fasc.cz\/author\/#Person","name":"","url":"https:\/\/www.fasc.cz\/author\/","identifier":1,"image":{"@type":"ImageObject","@id":"https:\/\/secure.gravatar.com\/avatar\/ac70c9e5ac34d1687bd81eed3e0a5127e2920111fdfe832b53d740bc4b86c4fd?s=96&d=mm&r=g","url":"https:\/\/secure.gravatar.com\/avatar\/ac70c9e5ac34d1687bd81eed3e0a5127e2920111fdfe832b53d740bc4b86c4fd?s=96&d=mm&r=g","height":96,"width":96}},"publisher":{"@type":"Organization","name":"fasc.cz","logo":{"@type":"ImageObject","@id":"\/logo.png","url":"\/logo.png","width":600,"height":60}},"image":{"@type":"ImageObject","@id":"https:\/\/www.fasc.cz\/wp-content\/uploads\/img_a331778_w2737_t1544297623.jpg","url":"https:\/\/www.fasc.cz\/wp-content\/uploads\/img_a331778_w2737_t1544297623.jpg","height":0,"width":0},"url":"https:\/\/www.fasc.cz\/dum-na-vesnici-nebo-byt-ve-meste\/","about":["D\u016fm a byt"],"wordCount":467,"articleBody":"Koupit si rodinn\u00fd d\u016fm nebo byt v centru m\u011bsta? Oboj\u00ed m\u00e1 sv\u00e9 v\u00fdhody a oboj\u00ed je vhodn\u00e9 pro ka\u017ed\u00e9ho. Jak si tedy vybrat, pokud m\u00e1te tu mo\u017enost? Inu, nen\u00ed to v\u016fbec jednoduch\u00e9, nebo\u0165 \u010dlov\u011bk si mus\u00ed uv\u011bdomit, co se mu d\u00edky ka\u017ed\u00e9 mo\u017enosti otev\u0159e. Nap\u0159\u00edklad bydlen\u00ed ve m\u011bst\u011b m\u00e1 tu v\u00fdhodu, \u017ee m\u00e1te v\u0161echno na dosah. Na druhou stranu n\u011bkomu m\u016f\u017ee chyb\u011bt pot\u0159ebn\u00e1 svoboda, p\u0159\u00edroda nebo t\u0159eba nemus\u00ed dob\u0159e sn\u00e1\u0161et hluk, kter\u00fd se pov\u011bt\u0161inou ve m\u011bst\u011b nach\u00e1z\u00ed.&#13; &#13; &#13; &#13; Druh\u00e1 strana mince je bydlen\u00ed ve vesnici, a to v rodinn\u00e9m dom\u011b. Zde jsou mo\u017enost zase zcela jin\u00e9. M\u016f\u017eete si na sv\u00e9 zahrad\u011b vybudovat baz\u00e9n, obecn\u011b m\u016f\u017eete m\u00edt velkou zahradu, obvykle m\u00e1te jen n\u011bkolik m\u00e1lo soused\u016f, se kter\u00fdmi se sna\u017e\u00edte vych\u00e1zet, co mo\u017en\u00e1 nejl\u00e9pe. Bydlen\u00ed na vesnici a to je\u0161t\u011b v rodinn\u00e9m dom\u011b v\u0161ak s sebou nese mnohem v\u00edce starost\u00ed, co se t\u00fd\u010de samotn\u00e9 \u00fadr\u017eby tohoto obydl\u00ed. Jak je tedy mo\u017en\u00e9 vid\u011bt, ob\u011b mo\u017enosti jsou v n\u011b\u010dem v\u00fdhodn\u00e9, a proto je dobr\u00e9, aby si ka\u017ed\u00fd \u010dlov\u011bk um\u011bl stanovit sv\u00e9 \u017eivotn\u00ed c\u00edle.&#13; &#13; &#13; Ve m\u011bst\u011b chovat hospod\u00e1\u0159sk\u00e1 zv\u00ed\u0159ata nebudete&#13; &#13; Lid\u00e9, kte\u0159\u00ed maj\u00ed v\u011bt\u0161\u00ed z\u00e1jem b\u00fdt obecn\u011b sob\u011bsta\u010dn\u011bj\u0161\u00ed, ur\u010dit\u011b p\u0159em\u00fd\u0161l\u00ed i nad t\u00edm, \u017ee budou chovat hospod\u00e1\u0159sk\u00e1 zv\u00ed\u0159ata. Jak v\u0161ak m\u016f\u017eete chova nap\u0159\u00edklad slepice nebo t\u0159eba vep\u0159e na zahrad\u011b, kter\u00e1 je vlastn\u011b tvo\u0159ena jenom dvorem za obytn\u00fdm staven\u00edm ve va\u0161em m\u011bst\u011b? Zde vypl\u00fdv\u00e1 na povrch otev\u0159enost bydlen\u00ed na vesnici. D\u00e1 se tedy \u0159\u00edci, \u017ee lid\u00e9, kte\u0159\u00ed se cht\u011bj\u00ed v\u00edce usadit, cht\u011bj\u00ed toho m\u00edt na sv\u00fdch bedrech v\u00edce, ale sv\u00fdm zp\u016fsobem cht\u011bj\u00ed u\u0161et\u0159it pen\u00edze, nebudou v\u00e1hat a zvol\u00ed vesnici.&#13; &#13; Ve m\u011bstech je situace opa\u010dn\u00e1. Zpravidla pokud n\u011bco chcete, m\u016f\u017eete si to jednodu\u0161e koupit. M\u00e1te z\u00e1jem o produkty v BIO kvalit\u011b, kterou si m\u016f\u017eete vyprodukovat i sami na vesnici? Nen\u00ed \u017e\u00e1dn\u00fd probl\u00e9m, sta\u010d\u00ed zaj\u00edmat do prvn\u00edho obchodu s potravinami, kde v\u0161echno budete moci koupit, av\u0161ak za mnohem vy\u0161\u0161\u00ed pen\u00edze, ne\u017e by se dalo o\u010dek\u00e1vat.&#13; &#13; V\u00fdhody na obou stran\u00e1ch&#13; &#13; Je z\u0159ejm\u00e9, \u017ee v\u00fdhody m\u00e1 ka\u017ed\u00fd zp\u016fsob bydlen\u00ed. Je tedy na ka\u017ed\u00e9m jedinci, aby zvolil to, co je mu bli\u017e\u0161\u00ed a co v\u00edce spl\u0148uje jeho o\u010dek\u00e1v\u00e1n\u00ed.&#13;                                                                                                                                                                                                                                                                                                                                                                                         4.6\/5 - (10 votes)        "},{"@context":"https:\/\/schema.org\/","@type":"BreadcrumbList","itemListElement":[{"@type":"ListItem","position":1,"name":"D\u016fm na vesnici nebo byt ve m\u011bst\u011b?","item":"https:\/\/www.fasc.cz\/dum-na-vesnici-nebo-byt-ve-meste\/#breadcrumbitem"}]}]