{"@context":"https:\/\/schema.org\/","@type":"CollectionPage","@id":"https:\/\/www.fasc.cz\/dum-a-byt\/#CollectionPage","headline":"D\u016fm a byt Category","description":"","url":"https:\/\/www.fasc.cz\/dum-a-byt\/","hasPart":[{"@type":"Article","@id":"https:\/\/www.fasc.cz\/dum-na-vesnici-nebo-byt-ve-meste\/","headline":"D\u016fm na vesnici nebo byt ve m\u011bst\u011b?","url":"https:\/\/www.fasc.cz\/dum-na-vesnici-nebo-byt-ve-meste\/","datePublished":"2023-05-06","dateModified":"2023-05-06","mainEntityOfPage":"https:\/\/www.fasc.cz\/dum-na-vesnici-nebo-byt-ve-meste\/","author":{"@type":"Person","@id":"https:\/\/www.fasc.cz\/author\/#Person","name":"","url":"https:\/\/www.fasc.cz\/author\/","identifier":1,"image":{"@type":"ImageObject","@id":"https:\/\/secure.gravatar.com\/avatar\/ac70c9e5ac34d1687bd81eed3e0a5127e2920111fdfe832b53d740bc4b86c4fd?s=96&d=mm&r=g","url":"https:\/\/secure.gravatar.com\/avatar\/ac70c9e5ac34d1687bd81eed3e0a5127e2920111fdfe832b53d740bc4b86c4fd?s=96&d=mm&r=g","height":96,"width":96}},"publisher":{"@type":"Organization","name":"fasc.cz","logo":{"@type":"ImageObject","@id":"\/logo.png","url":"\/logo.png","width":600,"height":60}},"image":{"@type":"ImageObject","@id":"https:\/\/www.fasc.cz\/wp-content\/uploads\/img_a331778_w2737_t1544297623.jpg","url":"https:\/\/www.fasc.cz\/wp-content\/uploads\/img_a331778_w2737_t1544297623.jpg","height":0,"width":0},"keywords":null},{"@type":"Article","@id":"https:\/\/www.fasc.cz\/romantika-u-krbu\/","headline":"Romantika u krbu","url":"https:\/\/www.fasc.cz\/romantika-u-krbu\/","datePublished":"2023-05-06","dateModified":"2023-05-06","mainEntityOfPage":"https:\/\/www.fasc.cz\/romantika-u-krbu\/","author":{"@type":"Person","@id":"https:\/\/www.fasc.cz\/author\/#Person","name":"","url":"https:\/\/www.fasc.cz\/author\/","identifier":1,"image":{"@type":"ImageObject","@id":"https:\/\/secure.gravatar.com\/avatar\/ac70c9e5ac34d1687bd81eed3e0a5127e2920111fdfe832b53d740bc4b86c4fd?s=96&d=mm&r=g","url":"https:\/\/secure.gravatar.com\/avatar\/ac70c9e5ac34d1687bd81eed3e0a5127e2920111fdfe832b53d740bc4b86c4fd?s=96&d=mm&r=g","height":96,"width":96}},"publisher":{"@type":"Organization","name":"fasc.cz","logo":{"@type":"ImageObject","@id":"\/logo.png","url":"\/logo.png","width":600,"height":60}},"image":{"@type":"ImageObject","@id":"https:\/\/www.fasc.cz\/wp-content\/uploads\/img_a330641_w2737_t1543143359.jpg","url":"https:\/\/www.fasc.cz\/wp-content\/uploads\/img_a330641_w2737_t1543143359.jpg","height":0,"width":0},"keywords":null},{"@type":"Article","@id":"https:\/\/www.fasc.cz\/je-vyhodne-vyuzit-sluzeb-bytoveho-architekta-nespolehejte-jen-na-nahodu\/","headline":"Je v\u00fdhodn\u00e9 vyu\u017e\u00edt slu\u017eeb bytov\u00e9ho architekta? Nespol\u00e9hejte jen na n\u00e1hodu!","url":"https:\/\/www.fasc.cz\/je-vyhodne-vyuzit-sluzeb-bytoveho-architekta-nespolehejte-jen-na-nahodu\/","datePublished":"2021-05-14","dateModified":"2023-05-06","mainEntityOfPage":"https:\/\/www.fasc.cz\/je-vyhodne-vyuzit-sluzeb-bytoveho-architekta-nespolehejte-jen-na-nahodu\/","author":{"@type":"Person","@id":"https:\/\/www.fasc.cz\/author\/#Person","name":"","url":"https:\/\/www.fasc.cz\/author\/","identifier":1,"image":{"@type":"ImageObject","@id":"https:\/\/secure.gravatar.com\/avatar\/ac70c9e5ac34d1687bd81eed3e0a5127e2920111fdfe832b53d740bc4b86c4fd?s=96&d=mm&r=g","url":"https:\/\/secure.gravatar.com\/avatar\/ac70c9e5ac34d1687bd81eed3e0a5127e2920111fdfe832b53d740bc4b86c4fd?s=96&d=mm&r=g","height":96,"width":96}},"publisher":{"@type":"Organization","name":"fasc.cz","logo":{"@type":"ImageObject","@id":"\/logo.png","url":"\/logo.png","width":600,"height":60}},"image":{"@type":"ImageObject","@id":"https:\/\/www.fasc.cz\/wp-content\/uploads\/pexels-photo-3760529_1.jpeg","url":"https:\/\/www.fasc.cz\/wp-content\/uploads\/pexels-photo-3760529_1.jpeg","height":0,"width":0},"keywords":null},{"@type":"Article","@id":"https:\/\/www.fasc.cz\/dotahneme-vas-sen-k-dokonalosti\/","headline":"Dot\u00e1hneme v\u00e1\u0161 sen k dokonalosti","url":"https:\/\/www.fasc.cz\/dotahneme-vas-sen-k-dokonalosti\/","datePublished":"2019-11-27","dateModified":"2019-11-27","mainEntityOfPage":"https:\/\/www.fasc.cz\/dotahneme-vas-sen-k-dokonalosti\/","author":{"@type":"Person","@id":"https:\/\/www.fasc.cz\/author\/#Person","name":"","url":"https:\/\/www.fasc.cz\/author\/","identifier":1,"image":{"@type":"ImageObject","@id":"https:\/\/secure.gravatar.com\/avatar\/ac70c9e5ac34d1687bd81eed3e0a5127e2920111fdfe832b53d740bc4b86c4fd?s=96&d=mm&r=g","url":"https:\/\/secure.gravatar.com\/avatar\/ac70c9e5ac34d1687bd81eed3e0a5127e2920111fdfe832b53d740bc4b86c4fd?s=96&d=mm&r=g","height":96,"width":96}},"publisher":{"@type":"Organization","name":"fasc.cz","logo":{"@type":"ImageObject","@id":"\/logo.png","url":"\/logo.png","width":600,"height":60}},"image":{"@type":"ImageObject","@id":"https:\/\/www.fasc.cz\/wp-content\/uploads\/img_a365464_w1700_t1578306277.jpg","url":"https:\/\/www.fasc.cz\/wp-content\/uploads\/img_a365464_w1700_t1578306277.jpg","height":0,"width":0},"keywords":null},{"@type":"Article","@id":"https:\/\/www.fasc.cz\/velka-cast-populace-je-stale-bez-proudu\/","headline":"Velk\u00e1 \u010d\u00e1st populace je st\u00e1le bez proudu","url":"https:\/\/www.fasc.cz\/velka-cast-populace-je-stale-bez-proudu\/","datePublished":"2018-12-27","dateModified":"2023-05-06","mainEntityOfPage":"https:\/\/www.fasc.cz\/velka-cast-populace-je-stale-bez-proudu\/","author":{"@type":"Person","@id":"https:\/\/www.fasc.cz\/author\/#Person","name":"","url":"https:\/\/www.fasc.cz\/author\/","identifier":1,"image":{"@type":"ImageObject","@id":"https:\/\/secure.gravatar.com\/avatar\/ac70c9e5ac34d1687bd81eed3e0a5127e2920111fdfe832b53d740bc4b86c4fd?s=96&d=mm&r=g","url":"https:\/\/secure.gravatar.com\/avatar\/ac70c9e5ac34d1687bd81eed3e0a5127e2920111fdfe832b53d740bc4b86c4fd?s=96&d=mm&r=g","height":96,"width":96}},"publisher":{"@type":"Organization","name":"fasc.cz","logo":{"@type":"ImageObject","@id":"\/logo.png","url":"\/logo.png","width":600,"height":60}},"image":{"@type":"ImageObject","@id":"https:\/\/www.fasc.cz\/wp-content\/uploads\/img_a332874_w2737_t1545948500.jpg","url":"https:\/\/www.fasc.cz\/wp-content\/uploads\/img_a332874_w2737_t1545948500.jpg","height":0,"width":0},"keywords":null},{"@type":"Article","@id":"https:\/\/www.fasc.cz\/rozsvitme-rostlinam\/","headline":"Rozsvi\u0165me rostlin\u00e1m","url":"https:\/\/www.fasc.cz\/rozsvitme-rostlinam\/","datePublished":"2018-08-24","dateModified":"2023-05-06","mainEntityOfPage":"https:\/\/www.fasc.cz\/rozsvitme-rostlinam\/","author":{"@type":"Person","@id":"https:\/\/www.fasc.cz\/author\/#Person","name":"","url":"https:\/\/www.fasc.cz\/author\/","identifier":1,"image":{"@type":"ImageObject","@id":"https:\/\/secure.gravatar.com\/avatar\/ac70c9e5ac34d1687bd81eed3e0a5127e2920111fdfe832b53d740bc4b86c4fd?s=96&d=mm&r=g","url":"https:\/\/secure.gravatar.com\/avatar\/ac70c9e5ac34d1687bd81eed3e0a5127e2920111fdfe832b53d740bc4b86c4fd?s=96&d=mm&r=g","height":96,"width":96}},"publisher":{"@type":"Organization","name":"fasc.cz","logo":{"@type":"ImageObject","@id":"\/logo.png","url":"\/logo.png","width":600,"height":60}},"image":{"@type":"ImageObject","@id":"https:\/\/www.fasc.cz\/wp-content\/uploads\/img_a323406_w2737_t1535050525.jpg","url":"https:\/\/www.fasc.cz\/wp-content\/uploads\/img_a323406_w2737_t1535050525.jpg","height":0,"width":0},"keywords":null},{"@type":"Article","@id":"https:\/\/www.fasc.cz\/venkovni-zaluzie-poskytnou-jeste-neco-navic\/","headline":"Venkovn\u00ed \u017ealuzie poskytnou je\u0161t\u011b n\u011bco nav\u00edc","url":"https:\/\/www.fasc.cz\/venkovni-zaluzie-poskytnou-jeste-neco-navic\/","datePublished":"2018-06-02","dateModified":"2023-05-06","mainEntityOfPage":"https:\/\/www.fasc.cz\/venkovni-zaluzie-poskytnou-jeste-neco-navic\/","author":{"@type":"Person","@id":"https:\/\/www.fasc.cz\/author\/#Person","name":"","url":"https:\/\/www.fasc.cz\/author\/","identifier":1,"image":{"@type":"ImageObject","@id":"https:\/\/secure.gravatar.com\/avatar\/ac70c9e5ac34d1687bd81eed3e0a5127e2920111fdfe832b53d740bc4b86c4fd?s=96&d=mm&r=g","url":"https:\/\/secure.gravatar.com\/avatar\/ac70c9e5ac34d1687bd81eed3e0a5127e2920111fdfe832b53d740bc4b86c4fd?s=96&d=mm&r=g","height":96,"width":96}},"publisher":{"@type":"Organization","name":"fasc.cz","logo":{"@type":"ImageObject","@id":"\/logo.png","url":"\/logo.png","width":600,"height":60}},"image":{"@type":"ImageObject","@id":"https:\/\/www.fasc.cz\/wp-content\/uploads\/img_a318780_w2445_t1529652797.jpg","url":"https:\/\/www.fasc.cz\/wp-content\/uploads\/img_a318780_w2445_t1529652797.jpg","height":0,"width":0},"keywords":null}]}