[{"@context":"https:\/\/schema.org\/","@type":"Article","@id":"https:\/\/www.fasc.cz\/dovolena-v-parte\/#Article","mainEntityOfPage":"https:\/\/www.fasc.cz\/dovolena-v-parte\/","headline":"Dovolen\u00e1 v part\u011b","name":"Dovolen\u00e1 v part\u011b","description":"Kdo z n\u00e1s by se net\u011b\u0161il na dovolenou. Zaslou\u017een\u00ed oddych a relax. Te\u010f z\u00e1le\u017e\u00ed jenom na tom kde a s k\u00fdm. Od jednotlivc\u016f a\u017e po cel\u00e9 rodiny a partie. Probl\u00e9m je ob\u010das v slad\u011bn\u00ed term\u00edn\u016f a taky ve v\u00fdb\u011bru destinace. Jsou mezi n\u00e1mi takov\u00fd kte\u0159\u00ed to ne\u0159e\u0161\u00ed a jezd\u00ed na blind stopem, busem, vlakem. P\u0159esp\u00ed [&hellip;]","datePublished":"2023-10-10","dateModified":"2023-10-10","author":{"@type":"Person","@id":"https:\/\/www.fasc.cz\/author\/#Person","name":"","url":"https:\/\/www.fasc.cz\/author\/","identifier":1,"image":{"@type":"ImageObject","@id":"https:\/\/secure.gravatar.com\/avatar\/ac70c9e5ac34d1687bd81eed3e0a5127e2920111fdfe832b53d740bc4b86c4fd?s=96&d=mm&r=g","url":"https:\/\/secure.gravatar.com\/avatar\/ac70c9e5ac34d1687bd81eed3e0a5127e2920111fdfe832b53d740bc4b86c4fd?s=96&d=mm&r=g","height":96,"width":96}},"publisher":{"@type":"Organization","name":"fasc.cz","logo":{"@type":"ImageObject","@id":"\/logo.png","url":"\/logo.png","width":600,"height":60}},"image":{"@type":"ImageObject","@id":"https:\/\/www.fasc.cz\/wp-content\/uploads\/luggage-1149289_640_1.jpg","url":"https:\/\/www.fasc.cz\/wp-content\/uploads\/luggage-1149289_640_1.jpg","height":0,"width":0},"url":"https:\/\/www.fasc.cz\/dovolena-v-parte\/","about":["Online"],"wordCount":418,"articleBody":"      Kdo z n\u00e1s by se net\u011b\u0161il na dovolenou. Zaslou\u017een\u00ed oddych a relax. Te\u010f z\u00e1le\u017e\u00ed jenom na tom kde a s k\u00fdm. Od jednotlivc\u016f a\u017e po cel\u00e9 rodiny a partie. Probl\u00e9m je ob\u010das v slad\u011bn\u00ed term\u00edn\u016f a taky ve v\u00fdb\u011bru destinace. Jsou mezi n\u00e1mi takov\u00fd kte\u0159\u00ed to ne\u0159e\u0161\u00ed a jezd\u00ed na blind stopem, busem, vlakem. P\u0159esp\u00ed v\u0161ude mo\u017en\u011b kde se d\u00e1. Pod \u0161ir\u00e1kem nebo ve stanu. Je takov\u00fd typ dobrodruh\u016f. Nen\u00ed na tom nic \u0161patn\u00e9 ale v dne\u0161n\u00ed dob\u011b trochu riskantn\u00ed a nebezpe\u010dn\u00e9. Pak jsou tady party lid\u00ed kte\u0159\u00ed se znaj\u00ed ale cel\u00fd rok na sebe nemaj\u00ed \u010das a tak se dohodnou na n\u011bjak\u00e9m spole\u010dn\u00e9m term\u00ednu a vyraz\u00ed. Taky nesm\u00edme zapomenout na rodiny s d\u011btmi. To je p\u0159eci jasn\u00e9.Tady se to taky pl\u00e1nuje asi cel\u00fd rok. Term\u00edn nen\u00ed takov\u00fd probl\u00e9m hor\u0161\u00ed je to s v\u00fdb\u011brem destinace kde se pojede. Kdy\u017e u\u017e se v\u0161ichni dohodnou na m\u00edst\u011b je tady volba p\u0159epravy. V\u011bt\u0161inou dovolen\u00e1 u mo\u0159e p\u0159es cestovn\u00ed agenturu je zabezpe\u010den\u00e1 letecky. Na dovolenou ku babi\u010dce a d\u011bdovi se dok\u00e1\u017eeme odvez autem nebo vlakem to nen\u00ed probl\u00e9m. Ale co takov\u00e1 parta. Jsou to sice ciz\u00ed lidi ale kdy\u017e se znaj\u00ed roky jako by byly u\u017e jedn\u00e1 rodina a tak nen\u00ed probl\u00e9m vyrazit jak se \u0159\u00edk\u00e1 s batohem p\u0159es hory. Ov\u0161em kdy\u017e jdeme d\u00e1le ne\u017e za hranice m\u011bsta cht\u011blo by to spolehliv\u00fd v\u016fz a nejl\u00e9pe v\u00edcem\u00edstn\u00ed. Ale kde takov\u00fd sehnat? Samoz\u0159ejm\u011b d\u00e1 se p\u016fj\u010dit od zn\u00e1m\u00fdch. Jenom\u017ee oni ve stejn\u00e9m term\u00ednu jedou taky na dovolenou co te\u010f?M\u00e1me pro v\u00e1s \u0159e\u0161en\u00ed a dovol\u00edm si tvrdit \u017ee geni\u00e1ln\u00ed se kter\u00fdm budou naprosto spokojen\u00ed \u00fapln\u011b v\u0161ichni. T\u00edm je p\u016fj\u010dovna mikrobus\u016f Praha. Kliknut\u00edm na odkaz v tomhle \u010dl\u00e1nku se dostanete b\u011bhem vte\u0159iny na jejich str\u00e1nky. Sta\u010d\u00ed zavolat na p\u0159\u00edslu\u0161n\u00e9 \u010d\u00edslo objednat si mikrobus a po vybaven\u00ed n\u00e1le\u017eit\u00fdch formalit se t\u011b\u0161it na dovolenou. Ur\u010dit\u011b budete nad\u0161en\u00ed t\u00edm \u017ee pojede v\u0161ichni jedn\u00edm vozem. Cesta l\u00edp ut\u00edk\u00e1 a n\u00e1lada je jak m\u00e1 b\u00fdt na spr\u00e1vn\u00e9 dovolen\u00e9. Tak hezk\u00fd a bezpe\u010dn\u00fd dojezd.                                                                                                                                                                                                                                                                                                                                                                                           4\/5 - (6 votes)        "},{"@context":"https:\/\/schema.org\/","@type":"BreadcrumbList","itemListElement":[{"@type":"ListItem","position":1,"name":"Dovolen\u00e1 v part\u011b","item":"https:\/\/www.fasc.cz\/dovolena-v-parte\/#breadcrumbitem"}]}]