[{"@context":"https:\/\/schema.org\/","@type":"Article","@id":"https:\/\/www.fasc.cz\/dejte-o-sobe-vedet\/#Article","mainEntityOfPage":"https:\/\/www.fasc.cz\/dejte-o-sobe-vedet\/","headline":"Dejte o sob\u011b v\u011bd\u011bt","name":"Dejte o sob\u011b v\u011bd\u011bt","description":"Pokud p\u0159em\u00fd\u0161l\u00edte nad t\u00edm, jak dostat do pov\u011bdom\u00ed lid\u00ed Va\u0161e podnik\u00e1n\u00ed, rozhodn\u011b m\u00e1te mnoho r\u016fzn\u00fdch zp\u016fsob\u016f, kter\u00fdch m\u016f\u017eete vyu\u017e\u00edt. P\u0159eci jenom k\u00a0podnik\u00e1n\u00ed pot\u0159ebujete n\u011bjak\u00e9 z\u00e1kazn\u00edky, a pokud o V\u00e1s nikdo nebude v\u011bd\u011bt, z\u00e1kazn\u00edk\u016f se nedo\u010dk\u00e1te. A pr\u00e1v\u011b proto byste mohli b\u00fdt velice spokojeni s\u00a0reklamn\u00edmi propiskami, kter\u00e9 u\u017e se postaraj\u00ed o to, aby se o V\u00e1s [&hellip;]","datePublished":"2024-02-03","dateModified":"2024-02-03","author":{"@type":"Person","@id":"https:\/\/www.fasc.cz\/author\/#Person","name":"","url":"https:\/\/www.fasc.cz\/author\/","identifier":1,"image":{"@type":"ImageObject","@id":"https:\/\/secure.gravatar.com\/avatar\/ac70c9e5ac34d1687bd81eed3e0a5127e2920111fdfe832b53d740bc4b86c4fd?s=96&d=mm&r=g","url":"https:\/\/secure.gravatar.com\/avatar\/ac70c9e5ac34d1687bd81eed3e0a5127e2920111fdfe832b53d740bc4b86c4fd?s=96&d=mm&r=g","height":96,"width":96}},"publisher":{"@type":"Organization","name":"fasc.cz","logo":{"@type":"ImageObject","@id":"\/logo.png","url":"\/logo.png","width":600,"height":60}},"url":"https:\/\/www.fasc.cz\/dejte-o-sobe-vedet\/","wordCount":255,"articleBody":"\tPokud p\u0159em\u00fd\u0161l\u00edte nad t\u00edm, jak dostat do pov\u011bdom\u00ed lid\u00ed Va\u0161e podnik\u00e1n\u00ed, rozhodn\u011b m\u00e1te mnoho r\u016fzn\u00fdch zp\u016fsob\u016f, kter\u00fdch m\u016f\u017eete vyu\u017e\u00edt. P\u0159eci jenom k\u00a0podnik\u00e1n\u00ed pot\u0159ebujete n\u011bjak\u00e9 z\u00e1kazn\u00edky, a pokud o V\u00e1s nikdo nebude v\u011bd\u011bt, z\u00e1kazn\u00edk\u016f se nedo\u010dk\u00e1te. A pr\u00e1v\u011b proto byste mohli b\u00fdt velice spokojeni s\u00a0reklamn\u00edmi propiskami, kter\u00e9 u\u017e se postaraj\u00ed o to, aby se o V\u00e1s dozv\u011bd\u011blo v\u00edce lid\u00ed. My V\u00e1m s\u00a0t\u00edm moc r\u00e1di pom\u016f\u017eeme. Takovou kancel\u00e1\u0159skou pot\u0159ebu m\u016f\u017eete kdekomu darovat. Jakmile ji obdarovan\u00fd bude pou\u017e\u00edvat, bude t\u00edm upozor\u0148ovat na V\u00e1s \u010di na Va\u0161i spole\u010dnost.\tO realizaci se postar\u00e1meProto nev\u00e1hejte a v\u011b\u0159te tomu, \u017ee kdy\u017e se na n\u00e1s obr\u00e1t\u00edte, tak nebudete litovat. My u\u017e pro V\u00e1s v\u0161echny za\u0159\u00edd\u00edme a dod\u00e1me V\u00e1m takov\u00e9 kancel\u00e1\u0159sk\u00e9 pot\u0159eby, kter\u00e9 se V\u00e1m budou hodit a se kter\u00fdmi ud\u011bl\u00e1te hodn\u011b par\u00e1dy. Proto nev\u00e1hejte a za\u010dn\u011bte si z\u00a0na\u0161\u00ed \u0161irok\u00e9 nab\u00eddky vyb\u00edrat je\u0161t\u011b dnes. Samoz\u0159ejm\u011b zajist\u00edme kvalitn\u00ed a velice dob\u0159e vypadaj\u00edc\u00ed potisk, se kter\u00fdm budete zaru\u010den\u011b spokojeni. Proto nev\u00e1hejte, obra\u0165te se na n\u00e1s a vyu\u017eijte toho, co pro V\u00e1s m\u00e1me. Rozhodn\u011b nebudete litovat.\u00a0                                                                                                                                                                                                                                                                                                                                                                                        4.1\/5 - (16 votes)        "},{"@context":"https:\/\/schema.org\/","@type":"BreadcrumbList","itemListElement":[{"@type":"ListItem","position":1,"name":"Dejte o sob\u011b v\u011bd\u011bt","item":"https:\/\/www.fasc.cz\/dejte-o-sobe-vedet\/#breadcrumbitem"}]}]