[{"@context":"https:\/\/schema.org\/","@type":"Article","@id":"https:\/\/www.fasc.cz\/chcete-byt-jeste-lepe-naladeni\/#Article","mainEntityOfPage":"https:\/\/www.fasc.cz\/chcete-byt-jeste-lepe-naladeni\/","headline":"Chcete b\u00fdt je\u0161t\u011b l\u00e9pe nalad\u011bn\u00ed?","name":"Chcete b\u00fdt je\u0161t\u011b l\u00e9pe nalad\u011bn\u00ed?","description":"Bl\u00ed\u017e\u00ed se l\u00e9to, v\u00e1noce, \u010di jin\u00e9 obdob\u00ed, kter\u00e9 v\u00e1m m\u00e1, co nab\u00eddnout? M\u00e1te chu\u0165 b\u00fdt je\u0161t\u011b v\u00edce spokojen\u00ed a \u0161\u0165astn\u00ed? Zkuste poslouchat r\u00e1dio Blan\u00edk. U\u017e p\u0159i prvn\u00ed p\u00edsni\u010dce bude \u0161patn\u00e1 n\u00e1lada minulost\u00ed a nastane v\u00e1m kr\u00e1sn\u00fd a \u00fasp\u011b\u0161n\u00fd den. V\u011bt\u0161ina nab\u00edzen\u00fdch interpret\u016f je z \u010desk\u00e9 a slovensk\u00e9 hudebn\u00ed sc\u00e9ny let minul\u00fdch i sou\u010dasn\u00fdch, ale pot\u011b\u0161\u00ed [&hellip;]","datePublished":"2023-10-14","dateModified":"2023-10-14","author":{"@type":"Person","@id":"https:\/\/www.fasc.cz\/author\/#Person","name":"","url":"https:\/\/www.fasc.cz\/author\/","identifier":1,"image":{"@type":"ImageObject","@id":"https:\/\/secure.gravatar.com\/avatar\/ac70c9e5ac34d1687bd81eed3e0a5127e2920111fdfe832b53d740bc4b86c4fd?s=96&d=mm&r=g","url":"https:\/\/secure.gravatar.com\/avatar\/ac70c9e5ac34d1687bd81eed3e0a5127e2920111fdfe832b53d740bc4b86c4fd?s=96&d=mm&r=g","height":96,"width":96}},"publisher":{"@type":"Organization","name":"fasc.cz","logo":{"@type":"ImageObject","@id":"\/logo.png","url":"\/logo.png","width":600,"height":60}},"url":"https:\/\/www.fasc.cz\/chcete-byt-jeste-lepe-naladeni\/","wordCount":238,"articleBody":"Bl\u00ed\u017e\u00ed se l\u00e9to, v\u00e1noce, \u010di jin\u00e9 obdob\u00ed, kter\u00e9 v\u00e1m m\u00e1, co nab\u00eddnout? M\u00e1te chu\u0165 b\u00fdt je\u0161t\u011b v\u00edce spokojen\u00ed a \u0161\u0165astn\u00ed? Zkuste poslouchat r\u00e1dio Blan\u00edk. U\u017e p\u0159i prvn\u00ed p\u00edsni\u010dce bude \u0161patn\u00e1 n\u00e1lada minulost\u00ed a nastane v\u00e1m kr\u00e1sn\u00fd a \u00fasp\u011b\u0161n\u00fd den. V\u011bt\u0161ina nab\u00edzen\u00fdch interpret\u016f je z \u010desk\u00e9 a slovensk\u00e9 hudebn\u00ed sc\u00e9ny let minul\u00fdch i sou\u010dasn\u00fdch, ale pot\u011b\u0161\u00ed v\u00e1s i zahrani\u010dn\u00ed hity. K tomu p\u0159\u00edjemn\u00e9 hlasy moder\u00e1tor\u016f a p\u00edsni\u010dka na p\u0159\u00e1n\u00ed a v\u00e1\u0161 \u017eivot bude mnohem snadn\u011bj\u0161\u00ed a pohotov\u011bj\u0161\u00ed. Radost si mus\u00edme d\u011blat mali\u010dkostmi, tak pro\u010d ne dob\u0159e nalad\u011bnou stanic\u00ed? Kdykoliv a kdekoliv.Nem\u00e1te po ruce rozhlasov\u00fd p\u0159ij\u00edma\u010d?Pokud v\u00e1m chyb\u00ed r\u00e1dio Blan\u00edk, tak p\u0159ij\u00edma\u010d, jako takov\u00fd nepot\u0159ebujete. Bude v\u00e1m sta\u010dit internetov\u00e9 p\u0159ipojen\u00ed a nemus\u00edte b\u00fdt ani na \u00fazem\u00ed \u010cesk\u00e9 republiky, abyste si svoj\u00ed obl\u00edbenou stanici mohli poslechnout. No nezn\u00ed to skv\u011ble, \u017ee o svoje obl\u00edben\u00e9 po\u0159ady a p\u00edsni\u010dky nep\u0159ijdete? V\u017edy\u0165 dobr\u00e1 hudba d\u011bl\u00e1 radost u\u017e stalet\u00ed. Byla by \u0161koda o n\u00ed p\u0159ij\u00edt na cest\u00e1ch, \u010di mimo domov. Proto si nala\u010fte svoji vlnu a m\u011bjte pohodov\u00fd den v\u017edy a v\u0161ude.                                                                                                                                                                                                                                                                                                                                                                                        4.2\/5 - (11 votes)        "},{"@context":"https:\/\/schema.org\/","@type":"BreadcrumbList","itemListElement":[{"@type":"ListItem","position":1,"name":"Chcete b\u00fdt je\u0161t\u011b l\u00e9pe nalad\u011bn\u00ed?","item":"https:\/\/www.fasc.cz\/chcete-byt-jeste-lepe-naladeni\/#breadcrumbitem"}]}]