{"@context":"https:\/\/schema.org\/","@type":"CollectionPage","@id":"https:\/\/www.fasc.cz\/business\/#CollectionPage","headline":"Business Category","description":"","url":"https:\/\/www.fasc.cz\/business\/","hasPart":[{"@type":"Article","@id":"https:\/\/www.fasc.cz\/abyste-na-vsechno-dobre-videli\/","headline":"Abyste na v\u0161echno dob\u0159e vid\u011bli","url":"https:\/\/www.fasc.cz\/abyste-na-vsechno-dobre-videli\/","datePublished":"2017-06-10","dateModified":"2023-05-06","mainEntityOfPage":"https:\/\/www.fasc.cz\/abyste-na-vsechno-dobre-videli\/","author":{"@type":"Person","@id":"https:\/\/www.fasc.cz\/author\/#Person","name":"","url":"https:\/\/www.fasc.cz\/author\/","identifier":1,"image":{"@type":"ImageObject","@id":"https:\/\/secure.gravatar.com\/avatar\/ac70c9e5ac34d1687bd81eed3e0a5127e2920111fdfe832b53d740bc4b86c4fd?s=96&d=mm&r=g","url":"https:\/\/secure.gravatar.com\/avatar\/ac70c9e5ac34d1687bd81eed3e0a5127e2920111fdfe832b53d740bc4b86c4fd?s=96&d=mm&r=g","height":96,"width":96}},"publisher":{"@type":"Organization","name":"fasc.cz","logo":{"@type":"ImageObject","@id":"\/logo.png","url":"\/logo.png","width":600,"height":60}},"image":{"@type":"ImageObject","@id":"https:\/\/www.fasc.cz\/wp-content\/uploads\/img_a292805_w2129_t1505211238.jpg","url":"https:\/\/www.fasc.cz\/wp-content\/uploads\/img_a292805_w2129_t1505211238.jpg","height":0,"width":0},"keywords":null}]}