{"@context":"https:\/\/schema.org\/","@type":"CollectionPage","@id":"https:\/\/www.fasc.cz\/business\/#CollectionPage","headline":"Business Category","description":"","url":"https:\/\/www.fasc.cz\/business\/","hasPart":[{"@type":"Article","@id":"https:\/\/www.fasc.cz\/zaridime-vam-to-nejkrasnejsi-opaleni\/","headline":"Za\u0159\u00edd\u00edme V\u00e1m to nejkr\u00e1sn\u011bj\u0161\u00ed op\u00e1len\u00ed","url":"https:\/\/www.fasc.cz\/zaridime-vam-to-nejkrasnejsi-opaleni\/","datePublished":"2020-08-10","dateModified":"2023-11-02","mainEntityOfPage":"https:\/\/www.fasc.cz\/zaridime-vam-to-nejkrasnejsi-opaleni\/","author":{"@type":"Person","@id":"https:\/\/www.fasc.cz\/author\/#Person","name":"","url":"https:\/\/www.fasc.cz\/author\/","identifier":1,"image":{"@type":"ImageObject","@id":"https:\/\/secure.gravatar.com\/avatar\/ac70c9e5ac34d1687bd81eed3e0a5127e2920111fdfe832b53d740bc4b86c4fd?s=96&d=mm&r=g","url":"https:\/\/secure.gravatar.com\/avatar\/ac70c9e5ac34d1687bd81eed3e0a5127e2920111fdfe832b53d740bc4b86c4fd?s=96&d=mm&r=g","height":96,"width":96}},"publisher":{"@type":"Organization","name":"fasc.cz","logo":{"@type":"ImageObject","@id":"\/logo.png","url":"\/logo.png","width":600,"height":60}},"image":{"@type":"ImageObject","@id":"https:\/\/www.fasc.cz\/wp-content\/uploads\/art386575_1x1_20260819_165405_piKFyV.jpg","url":"https:\/\/www.fasc.cz\/wp-content\/uploads\/art386575_1x1_20260819_165405_piKFyV.jpg","height":0,"width":0},"keywords":null},{"@type":"Article","@id":"https:\/\/www.fasc.cz\/pujcovna-dodavek-brno-vam-pronajme-vuz-i-na-dovolenou\/","headline":"P\u016fj\u010dovna dod\u00e1vek Brno v\u00e1m pronajme v\u016fz i na dovolenou","url":"https:\/\/www.fasc.cz\/pujcovna-dodavek-brno-vam-pronajme-vuz-i-na-dovolenou\/","datePublished":"2020-06-20","dateModified":"2023-12-28","mainEntityOfPage":"https:\/\/www.fasc.cz\/pujcovna-dodavek-brno-vam-pronajme-vuz-i-na-dovolenou\/","author":{"@type":"Person","@id":"https:\/\/www.fasc.cz\/author\/#Person","name":"","url":"https:\/\/www.fasc.cz\/author\/","identifier":1,"image":{"@type":"ImageObject","@id":"https:\/\/secure.gravatar.com\/avatar\/ac70c9e5ac34d1687bd81eed3e0a5127e2920111fdfe832b53d740bc4b86c4fd?s=96&d=mm&r=g","url":"https:\/\/secure.gravatar.com\/avatar\/ac70c9e5ac34d1687bd81eed3e0a5127e2920111fdfe832b53d740bc4b86c4fd?s=96&d=mm&r=g","height":96,"width":96}},"publisher":{"@type":"Organization","name":"fasc.cz","logo":{"@type":"ImageObject","@id":"\/logo.png","url":"\/logo.png","width":600,"height":60}},"image":{"@type":"ImageObject","@id":"https:\/\/www.fasc.cz\/wp-content\/uploads\/art382870_4x3_20260815_201250_Kw7Jf6.jpg","url":"https:\/\/www.fasc.cz\/wp-content\/uploads\/art382870_4x3_20260815_201250_Kw7Jf6.jpg","height":0,"width":0},"keywords":null},{"@type":"Article","@id":"https:\/\/www.fasc.cz\/ne-alkoholu-za-volantem\/","headline":"Ne alkoholu za volantem","url":"https:\/\/www.fasc.cz\/ne-alkoholu-za-volantem\/","datePublished":"2020-03-15","dateModified":"2023-12-20","mainEntityOfPage":"https:\/\/www.fasc.cz\/ne-alkoholu-za-volantem\/","author":{"@type":"Person","@id":"https:\/\/www.fasc.cz\/author\/#Person","name":"","url":"https:\/\/www.fasc.cz\/author\/","identifier":1,"image":{"@type":"ImageObject","@id":"https:\/\/secure.gravatar.com\/avatar\/ac70c9e5ac34d1687bd81eed3e0a5127e2920111fdfe832b53d740bc4b86c4fd?s=96&d=mm&r=g","url":"https:\/\/secure.gravatar.com\/avatar\/ac70c9e5ac34d1687bd81eed3e0a5127e2920111fdfe832b53d740bc4b86c4fd?s=96&d=mm&r=g","height":96,"width":96}},"publisher":{"@type":"Organization","name":"fasc.cz","logo":{"@type":"ImageObject","@id":"\/logo.png","url":"\/logo.png","width":600,"height":60}},"image":{"@type":"ImageObject","@id":"https:\/\/www.fasc.cz\/wp-content\/uploads\/art375166_3x2_20260817_103706_pbwLlc.jpg","url":"https:\/\/www.fasc.cz\/wp-content\/uploads\/art375166_3x2_20260817_103706_pbwLlc.jpg","height":0,"width":0},"keywords":null},{"@type":"Article","@id":"https:\/\/www.fasc.cz\/optimalizace-pro-vyhledavace\/","headline":"Optimalizace pro vyhled\u00e1va\u010de","url":"https:\/\/www.fasc.cz\/optimalizace-pro-vyhledavace\/","datePublished":"2020-02-12","dateModified":"2023-05-06","mainEntityOfPage":"https:\/\/www.fasc.cz\/optimalizace-pro-vyhledavace\/","author":{"@type":"Person","@id":"https:\/\/www.fasc.cz\/author\/#Person","name":"","url":"https:\/\/www.fasc.cz\/author\/","identifier":1,"image":{"@type":"ImageObject","@id":"https:\/\/secure.gravatar.com\/avatar\/ac70c9e5ac34d1687bd81eed3e0a5127e2920111fdfe832b53d740bc4b86c4fd?s=96&d=mm&r=g","url":"https:\/\/secure.gravatar.com\/avatar\/ac70c9e5ac34d1687bd81eed3e0a5127e2920111fdfe832b53d740bc4b86c4fd?s=96&d=mm&r=g","height":96,"width":96}},"publisher":{"@type":"Organization","name":"fasc.cz","logo":{"@type":"ImageObject","@id":"\/logo.png","url":"\/logo.png","width":600,"height":60}},"image":{"@type":"ImageObject","@id":"https:\/\/www.fasc.cz\/wp-content\/uploads\/img_a371907_w1736_t1583224543.jpg","url":"https:\/\/www.fasc.cz\/wp-content\/uploads\/img_a371907_w1736_t1583224543.jpg","height":0,"width":0},"keywords":null},{"@type":"Article","@id":"https:\/\/www.fasc.cz\/i-vas-web-muze-slavit-uspech\/","headline":"I v\u00e1\u0161 web m\u016f\u017ee slavit \u00fasp\u011bch","url":"https:\/\/www.fasc.cz\/i-vas-web-muze-slavit-uspech\/","datePublished":"2020-02-07","dateModified":"2023-05-06","mainEntityOfPage":"https:\/\/www.fasc.cz\/i-vas-web-muze-slavit-uspech\/","author":{"@type":"Person","@id":"https:\/\/www.fasc.cz\/author\/#Person","name":"","url":"https:\/\/www.fasc.cz\/author\/","identifier":1,"image":{"@type":"ImageObject","@id":"https:\/\/secure.gravatar.com\/avatar\/ac70c9e5ac34d1687bd81eed3e0a5127e2920111fdfe832b53d740bc4b86c4fd?s=96&d=mm&r=g","url":"https:\/\/secure.gravatar.com\/avatar\/ac70c9e5ac34d1687bd81eed3e0a5127e2920111fdfe832b53d740bc4b86c4fd?s=96&d=mm&r=g","height":96,"width":96}},"publisher":{"@type":"Organization","name":"fasc.cz","logo":{"@type":"ImageObject","@id":"\/logo.png","url":"\/logo.png","width":600,"height":60}},"image":{"@type":"ImageObject","@id":"https:\/\/www.fasc.cz\/wp-content\/uploads\/art382132_3x2_20260816_213221_43e5dm.jpg","url":"https:\/\/www.fasc.cz\/wp-content\/uploads\/art382132_3x2_20260816_213221_43e5dm.jpg","height":0,"width":0},"keywords":null},{"@type":"Article","@id":"https:\/\/www.fasc.cz\/rada-google-na-zlepseni-hodnoceni-vasi-webove-stranky-pro-budouci-pripady-aktualizaci-jadra-hodnoticiho-algoritmu\/","headline":"Rada Google na zlep\u0161en\u00ed hodnocen\u00ed va\u0161\u00ed webov\u00e9 str\u00e1nky pro budouc\u00ed p\u0159\u00edpady aktualizac\u00ed j\u00e1dra hodnot\u00edc\u00edho algoritmu","url":"https:\/\/www.fasc.cz\/rada-google-na-zlepseni-hodnoceni-vasi-webove-stranky-pro-budouci-pripady-aktualizaci-jadra-hodnoticiho-algoritmu\/","datePublished":"2020-02-03","dateModified":"2020-02-03","mainEntityOfPage":"https:\/\/www.fasc.cz\/rada-google-na-zlepseni-hodnoceni-vasi-webove-stranky-pro-budouci-pripady-aktualizaci-jadra-hodnoticiho-algoritmu\/","author":{"@type":"Person","@id":"https:\/\/www.fasc.cz\/author\/#Person","name":"","url":"https:\/\/www.fasc.cz\/author\/","identifier":1,"image":{"@type":"ImageObject","@id":"https:\/\/secure.gravatar.com\/avatar\/ac70c9e5ac34d1687bd81eed3e0a5127e2920111fdfe832b53d740bc4b86c4fd?s=96&d=mm&r=g","url":"https:\/\/secure.gravatar.com\/avatar\/ac70c9e5ac34d1687bd81eed3e0a5127e2920111fdfe832b53d740bc4b86c4fd?s=96&d=mm&r=g","height":96,"width":96}},"publisher":{"@type":"Organization","name":"fasc.cz","logo":{"@type":"ImageObject","@id":"\/logo.png","url":"\/logo.png","width":600,"height":60}},"image":{"@type":"ImageObject","@id":"https:\/\/www.fasc.cz\/wp-content\/uploads\/art370750_3x2_20260817_111737_RH1d4c.jpg","url":"https:\/\/www.fasc.cz\/wp-content\/uploads\/art370750_3x2_20260817_111737_RH1d4c.jpg","height":0,"width":0},"keywords":null},{"@type":"Article","@id":"https:\/\/www.fasc.cz\/jak-to-vsechno-uhlidat\/","headline":"Jak to v\u0161echno uhl\u00eddat?","url":"https:\/\/www.fasc.cz\/jak-to-vsechno-uhlidat\/","datePublished":"2020-01-14","dateModified":"2023-09-01","mainEntityOfPage":"https:\/\/www.fasc.cz\/jak-to-vsechno-uhlidat\/","author":{"@type":"Person","@id":"https:\/\/www.fasc.cz\/author\/#Person","name":"","url":"https:\/\/www.fasc.cz\/author\/","identifier":1,"image":{"@type":"ImageObject","@id":"https:\/\/secure.gravatar.com\/avatar\/ac70c9e5ac34d1687bd81eed3e0a5127e2920111fdfe832b53d740bc4b86c4fd?s=96&d=mm&r=g","url":"https:\/\/secure.gravatar.com\/avatar\/ac70c9e5ac34d1687bd81eed3e0a5127e2920111fdfe832b53d740bc4b86c4fd?s=96&d=mm&r=g","height":96,"width":96}},"publisher":{"@type":"Organization","name":"fasc.cz","logo":{"@type":"ImageObject","@id":"\/logo.png","url":"\/logo.png","width":600,"height":60}},"image":{"@type":"ImageObject","@id":"https:\/\/www.fasc.cz\/wp-content\/uploads\/img_a350814_w1721_t1565681548.jpg","url":"https:\/\/www.fasc.cz\/wp-content\/uploads\/img_a350814_w1721_t1565681548.jpg","height":0,"width":0},"keywords":null},{"@type":"Article","@id":"https:\/\/www.fasc.cz\/versace\/","headline":"Versace","url":"https:\/\/www.fasc.cz\/versace\/","datePublished":"2019-06-08","dateModified":"2023-05-06","mainEntityOfPage":"https:\/\/www.fasc.cz\/versace\/","author":{"@type":"Person","@id":"https:\/\/www.fasc.cz\/author\/#Person","name":"","url":"https:\/\/www.fasc.cz\/author\/","identifier":1,"image":{"@type":"ImageObject","@id":"https:\/\/secure.gravatar.com\/avatar\/ac70c9e5ac34d1687bd81eed3e0a5127e2920111fdfe832b53d740bc4b86c4fd?s=96&d=mm&r=g","url":"https:\/\/secure.gravatar.com\/avatar\/ac70c9e5ac34d1687bd81eed3e0a5127e2920111fdfe832b53d740bc4b86c4fd?s=96&d=mm&r=g","height":96,"width":96}},"publisher":{"@type":"Organization","name":"fasc.cz","logo":{"@type":"ImageObject","@id":"\/logo.png","url":"\/logo.png","width":600,"height":60}},"image":{"@type":"ImageObject","@id":"https:\/\/www.fasc.cz\/wp-content\/uploads\/art351377_1x1_20260809_170806_2Qhkdc.jpg","url":"https:\/\/www.fasc.cz\/wp-content\/uploads\/art351377_1x1_20260809_170806_2Qhkdc.jpg","height":0,"width":0},"keywords":null},{"@type":"Article","@id":"https:\/\/www.fasc.cz\/laser-game-praha-9-pro-tymy-i-jednotlivce\/","headline":"Laser game Praha 9 pro t\u00fdmy i jednotlivce","url":"https:\/\/www.fasc.cz\/laser-game-praha-9-pro-tymy-i-jednotlivce\/","datePublished":"2018-12-12","dateModified":"2024-04-22","mainEntityOfPage":"https:\/\/www.fasc.cz\/laser-game-praha-9-pro-tymy-i-jednotlivce\/","author":{"@type":"Person","@id":"https:\/\/www.fasc.cz\/author\/#Person","name":"","url":"https:\/\/www.fasc.cz\/author\/","identifier":1,"image":{"@type":"ImageObject","@id":"https:\/\/secure.gravatar.com\/avatar\/ac70c9e5ac34d1687bd81eed3e0a5127e2920111fdfe832b53d740bc4b86c4fd?s=96&d=mm&r=g","url":"https:\/\/secure.gravatar.com\/avatar\/ac70c9e5ac34d1687bd81eed3e0a5127e2920111fdfe832b53d740bc4b86c4fd?s=96&d=mm&r=g","height":96,"width":96}},"publisher":{"@type":"Organization","name":"fasc.cz","logo":{"@type":"ImageObject","@id":"\/logo.png","url":"\/logo.png","width":600,"height":60}},"image":{"@type":"ImageObject","@id":"https:\/\/www.fasc.cz\/wp-content\/uploads\/art336566_16x9_20260818_165735_Mi7ArS.jpg","url":"https:\/\/www.fasc.cz\/wp-content\/uploads\/art336566_16x9_20260818_165735_Mi7ArS.jpg","height":0,"width":0},"keywords":null},{"@type":"Article","@id":"https:\/\/www.fasc.cz\/pece-bez-ktere-by-to-neslo\/","headline":"P\u00e9\u010de, bez kter\u00e9 by to ne\u0161lo","url":"https:\/\/www.fasc.cz\/pece-bez-ktere-by-to-neslo\/","datePublished":"2018-02-15","dateModified":"2023-05-06","mainEntityOfPage":"https:\/\/www.fasc.cz\/pece-bez-ktere-by-to-neslo\/","author":{"@type":"Person","@id":"https:\/\/www.fasc.cz\/author\/#Person","name":"","url":"https:\/\/www.fasc.cz\/author\/","identifier":1,"image":{"@type":"ImageObject","@id":"https:\/\/secure.gravatar.com\/avatar\/ac70c9e5ac34d1687bd81eed3e0a5127e2920111fdfe832b53d740bc4b86c4fd?s=96&d=mm&r=g","url":"https:\/\/secure.gravatar.com\/avatar\/ac70c9e5ac34d1687bd81eed3e0a5127e2920111fdfe832b53d740bc4b86c4fd?s=96&d=mm&r=g","height":96,"width":96}},"publisher":{"@type":"Organization","name":"fasc.cz","logo":{"@type":"ImageObject","@id":"\/logo.png","url":"\/logo.png","width":600,"height":60}},"image":{"@type":"ImageObject","@id":"https:\/\/www.fasc.cz\/wp-content\/uploads\/img_a316476_w1743_t1527431258.jpg","url":"https:\/\/www.fasc.cz\/wp-content\/uploads\/img_a316476_w1743_t1527431258.jpg","height":0,"width":0},"keywords":null}]}