{"@context":"https:\/\/schema.org\/","@type":"CollectionPage","@id":"https:\/\/www.fasc.cz\/business\/#CollectionPage","headline":"Business Category","description":"","url":"https:\/\/www.fasc.cz\/business\/","hasPart":[{"@type":"Article","@id":"https:\/\/www.fasc.cz\/betonove-ploty-mohou-prispivat-k-lepsimu-zdravi\/","headline":"Betonov\u00e9 ploty mohou p\u0159isp\u00edvat k lep\u0161\u00edmu zdrav\u00ed","url":"https:\/\/www.fasc.cz\/betonove-ploty-mohou-prispivat-k-lepsimu-zdravi\/","datePublished":"2021-06-29","dateModified":"2023-05-06","mainEntityOfPage":"https:\/\/www.fasc.cz\/betonove-ploty-mohou-prispivat-k-lepsimu-zdravi\/","author":{"@type":"Person","@id":"https:\/\/www.fasc.cz\/author\/#Person","name":"","url":"https:\/\/www.fasc.cz\/author\/","identifier":1,"image":{"@type":"ImageObject","@id":"https:\/\/secure.gravatar.com\/avatar\/ac70c9e5ac34d1687bd81eed3e0a5127e2920111fdfe832b53d740bc4b86c4fd?s=96&d=mm&r=g","url":"https:\/\/secure.gravatar.com\/avatar\/ac70c9e5ac34d1687bd81eed3e0a5127e2920111fdfe832b53d740bc4b86c4fd?s=96&d=mm&r=g","height":96,"width":96}},"publisher":{"@type":"Organization","name":"fasc.cz","logo":{"@type":"ImageObject","@id":"\/logo.png","url":"\/logo.png","width":600,"height":60}},"image":{"@type":"ImageObject","@id":"https:\/\/www.fasc.cz\/wp-content\/uploads\/cihlov%C3%A1%20ze%C4%8F_3.JPG","url":"https:\/\/www.fasc.cz\/wp-content\/uploads\/cihlov%C3%A1%20ze%C4%8F_3.JPG","height":0,"width":0},"keywords":null},{"@type":"Article","@id":"https:\/\/www.fasc.cz\/i-zdrave-jidlo-je-dobre\/","headline":"I zdrav\u00e9 j\u00eddlo je dobr\u00e9","url":"https:\/\/www.fasc.cz\/i-zdrave-jidlo-je-dobre\/","datePublished":"2021-05-15","dateModified":"2023-05-06","mainEntityOfPage":"https:\/\/www.fasc.cz\/i-zdrave-jidlo-je-dobre\/","author":{"@type":"Person","@id":"https:\/\/www.fasc.cz\/author\/#Person","name":"","url":"https:\/\/www.fasc.cz\/author\/","identifier":1,"image":{"@type":"ImageObject","@id":"https:\/\/secure.gravatar.com\/avatar\/ac70c9e5ac34d1687bd81eed3e0a5127e2920111fdfe832b53d740bc4b86c4fd?s=96&d=mm&r=g","url":"https:\/\/secure.gravatar.com\/avatar\/ac70c9e5ac34d1687bd81eed3e0a5127e2920111fdfe832b53d740bc4b86c4fd?s=96&d=mm&r=g","height":96,"width":96}},"publisher":{"@type":"Organization","name":"fasc.cz","logo":{"@type":"ImageObject","@id":"\/logo.png","url":"\/logo.png","width":600,"height":60}},"image":{"@type":"ImageObject","@id":"https:\/\/www.fasc.cz\/wp-content\/uploads\/zdrav%C3%A9%20j%C3%ADdlo_4.PNG","url":"https:\/\/www.fasc.cz\/wp-content\/uploads\/zdrav%C3%A9%20j%C3%ADdlo_4.PNG","height":0,"width":0},"keywords":null},{"@type":"Article","@id":"https:\/\/www.fasc.cz\/co-takhle-hanna\/","headline":"Co takhle Hanna?","url":"https:\/\/www.fasc.cz\/co-takhle-hanna\/","datePublished":"2021-03-26","dateModified":"2023-05-06","mainEntityOfPage":"https:\/\/www.fasc.cz\/co-takhle-hanna\/","author":{"@type":"Person","@id":"https:\/\/www.fasc.cz\/author\/#Person","name":"","url":"https:\/\/www.fasc.cz\/author\/","identifier":1,"image":{"@type":"ImageObject","@id":"https:\/\/secure.gravatar.com\/avatar\/ac70c9e5ac34d1687bd81eed3e0a5127e2920111fdfe832b53d740bc4b86c4fd?s=96&d=mm&r=g","url":"https:\/\/secure.gravatar.com\/avatar\/ac70c9e5ac34d1687bd81eed3e0a5127e2920111fdfe832b53d740bc4b86c4fd?s=96&d=mm&r=g","height":96,"width":96}},"publisher":{"@type":"Organization","name":"fasc.cz","logo":{"@type":"ImageObject","@id":"\/logo.png","url":"\/logo.png","width":600,"height":60}},"image":{"@type":"ImageObject","@id":"https:\/\/www.fasc.cz\/wp-content\/uploads\/erotick%C3%A1%20fantazie_1.jpg","url":"https:\/\/www.fasc.cz\/wp-content\/uploads\/erotick%C3%A1%20fantazie_1.jpg","height":0,"width":0},"keywords":null},{"@type":"Article","@id":"https:\/\/www.fasc.cz\/villa-for-sale-golden-mile-marbella\/","headline":"Villa for sale golden mile marbella","url":"https:\/\/www.fasc.cz\/villa-for-sale-golden-mile-marbella\/","datePublished":"2021-03-13","dateModified":"2023-09-18","mainEntityOfPage":"https:\/\/www.fasc.cz\/villa-for-sale-golden-mile-marbella\/","author":{"@type":"Person","@id":"https:\/\/www.fasc.cz\/author\/#Person","name":"","url":"https:\/\/www.fasc.cz\/author\/","identifier":1,"image":{"@type":"ImageObject","@id":"https:\/\/secure.gravatar.com\/avatar\/ac70c9e5ac34d1687bd81eed3e0a5127e2920111fdfe832b53d740bc4b86c4fd?s=96&d=mm&r=g","url":"https:\/\/secure.gravatar.com\/avatar\/ac70c9e5ac34d1687bd81eed3e0a5127e2920111fdfe832b53d740bc4b86c4fd?s=96&d=mm&r=g","height":96,"width":96}},"publisher":{"@type":"Organization","name":"fasc.cz","logo":{"@type":"ImageObject","@id":"\/logo.png","url":"\/logo.png","width":600,"height":60}},"image":{"@type":"ImageObject","@id":"https:\/\/www.fasc.cz\/wp-content\/uploads\/%C5%A1pan%C4%9Blsk%C3%A9%20mo%C5%99e.PNG","url":"https:\/\/www.fasc.cz\/wp-content\/uploads\/%C5%A1pan%C4%9Blsk%C3%A9%20mo%C5%99e.PNG","height":0,"width":0},"keywords":null},{"@type":"Article","@id":"https:\/\/www.fasc.cz\/maji-pujcovny-privesu-jako-napriklad-pujcovna-privesu-praha-budoucnost\/","headline":"Maj\u00ed p\u016fj\u010dovny p\u0159\u00edv\u011bs\u016f, jako nap\u0159\u00edklad p\u016fj\u010dovna p\u0159\u00edv\u011bs\u016f Praha, budoucnost?","url":"https:\/\/www.fasc.cz\/maji-pujcovny-privesu-jako-napriklad-pujcovna-privesu-praha-budoucnost\/","datePublished":"2021-02-17","dateModified":"2023-05-06","mainEntityOfPage":"https:\/\/www.fasc.cz\/maji-pujcovny-privesu-jako-napriklad-pujcovna-privesu-praha-budoucnost\/","author":{"@type":"Person","@id":"https:\/\/www.fasc.cz\/author\/#Person","name":"","url":"https:\/\/www.fasc.cz\/author\/","identifier":1,"image":{"@type":"ImageObject","@id":"https:\/\/secure.gravatar.com\/avatar\/ac70c9e5ac34d1687bd81eed3e0a5127e2920111fdfe832b53d740bc4b86c4fd?s=96&d=mm&r=g","url":"https:\/\/secure.gravatar.com\/avatar\/ac70c9e5ac34d1687bd81eed3e0a5127e2920111fdfe832b53d740bc4b86c4fd?s=96&d=mm&r=g","height":96,"width":96}},"publisher":{"@type":"Organization","name":"fasc.cz","logo":{"@type":"ImageObject","@id":"\/logo.png","url":"\/logo.png","width":600,"height":60}},"image":{"@type":"ImageObject","@id":"https:\/\/www.fasc.cz\/wp-content\/uploads\/auto1_10_4.png","url":"https:\/\/www.fasc.cz\/wp-content\/uploads\/auto1_10_4.png","height":0,"width":0},"keywords":null},{"@type":"Article","@id":"https:\/\/www.fasc.cz\/kdo-provede-zemni-prace\/","headline":"Kdo provede zemn\u00ed pr\u00e1ce?","url":"https:\/\/www.fasc.cz\/kdo-provede-zemni-prace\/","datePublished":"2021-02-16","dateModified":"2023-05-06","mainEntityOfPage":"https:\/\/www.fasc.cz\/kdo-provede-zemni-prace\/","author":{"@type":"Person","@id":"https:\/\/www.fasc.cz\/author\/#Person","name":"","url":"https:\/\/www.fasc.cz\/author\/","identifier":1,"image":{"@type":"ImageObject","@id":"https:\/\/secure.gravatar.com\/avatar\/ac70c9e5ac34d1687bd81eed3e0a5127e2920111fdfe832b53d740bc4b86c4fd?s=96&d=mm&r=g","url":"https:\/\/secure.gravatar.com\/avatar\/ac70c9e5ac34d1687bd81eed3e0a5127e2920111fdfe832b53d740bc4b86c4fd?s=96&d=mm&r=g","height":96,"width":96}},"publisher":{"@type":"Organization","name":"fasc.cz","logo":{"@type":"ImageObject","@id":"\/logo.png","url":"\/logo.png","width":600,"height":60}},"image":{"@type":"ImageObject","@id":"https:\/\/www.fasc.cz\/wp-content\/uploads\/rypadlo%20housenka.jpg","url":"https:\/\/www.fasc.cz\/wp-content\/uploads\/rypadlo%20housenka.jpg","height":0,"width":0},"keywords":null},{"@type":"Article","@id":"https:\/\/www.fasc.cz\/prestehujte-se-bez-potizi\/","headline":"P\u0159est\u011bhujte se bez pot\u00ed\u017e\u00ed","url":"https:\/\/www.fasc.cz\/prestehujte-se-bez-potizi\/","datePublished":"2021-01-17","dateModified":"2023-05-06","mainEntityOfPage":"https:\/\/www.fasc.cz\/prestehujte-se-bez-potizi\/","author":{"@type":"Person","@id":"https:\/\/www.fasc.cz\/author\/#Person","name":"","url":"https:\/\/www.fasc.cz\/author\/","identifier":1,"image":{"@type":"ImageObject","@id":"https:\/\/secure.gravatar.com\/avatar\/ac70c9e5ac34d1687bd81eed3e0a5127e2920111fdfe832b53d740bc4b86c4fd?s=96&d=mm&r=g","url":"https:\/\/secure.gravatar.com\/avatar\/ac70c9e5ac34d1687bd81eed3e0a5127e2920111fdfe832b53d740bc4b86c4fd?s=96&d=mm&r=g","height":96,"width":96}},"publisher":{"@type":"Organization","name":"fasc.cz","logo":{"@type":"ImageObject","@id":"\/logo.png","url":"\/logo.png","width":600,"height":60}},"image":{"@type":"ImageObject","@id":"https:\/\/www.fasc.cz\/wp-content\/uploads\/nov%C3%BD%20d%C5%AFm_5.jpg","url":"https:\/\/www.fasc.cz\/wp-content\/uploads\/nov%C3%BD%20d%C5%AFm_5.jpg","height":0,"width":0},"keywords":null},{"@type":"Article","@id":"https:\/\/www.fasc.cz\/poppers-se-vzdy-hodi\/","headline":"Poppers se v\u017edy hod\u00ed","url":"https:\/\/www.fasc.cz\/poppers-se-vzdy-hodi\/","datePublished":"2020-10-01","dateModified":"2023-10-11","mainEntityOfPage":"https:\/\/www.fasc.cz\/poppers-se-vzdy-hodi\/","author":{"@type":"Person","@id":"https:\/\/www.fasc.cz\/author\/#Person","name":"","url":"https:\/\/www.fasc.cz\/author\/","identifier":1,"image":{"@type":"ImageObject","@id":"https:\/\/secure.gravatar.com\/avatar\/ac70c9e5ac34d1687bd81eed3e0a5127e2920111fdfe832b53d740bc4b86c4fd?s=96&d=mm&r=g","url":"https:\/\/secure.gravatar.com\/avatar\/ac70c9e5ac34d1687bd81eed3e0a5127e2920111fdfe832b53d740bc4b86c4fd?s=96&d=mm&r=g","height":96,"width":96}},"publisher":{"@type":"Organization","name":"fasc.cz","logo":{"@type":"ImageObject","@id":"\/logo.png","url":"\/logo.png","width":600,"height":60}},"image":{"@type":"ImageObject","@id":"https:\/\/www.fasc.cz\/wp-content\/uploads\/chemick%C3%A1%20molekula.png","url":"https:\/\/www.fasc.cz\/wp-content\/uploads\/chemick%C3%A1%20molekula.png","height":0,"width":0},"keywords":null},{"@type":"Article","@id":"https:\/\/www.fasc.cz\/zaridime-vam-to-nejkrasnejsi-opaleni\/","headline":"Za\u0159\u00edd\u00edme V\u00e1m to nejkr\u00e1sn\u011bj\u0161\u00ed op\u00e1len\u00ed","url":"https:\/\/www.fasc.cz\/zaridime-vam-to-nejkrasnejsi-opaleni\/","datePublished":"2020-08-10","dateModified":"2023-11-02","mainEntityOfPage":"https:\/\/www.fasc.cz\/zaridime-vam-to-nejkrasnejsi-opaleni\/","author":{"@type":"Person","@id":"https:\/\/www.fasc.cz\/author\/#Person","name":"","url":"https:\/\/www.fasc.cz\/author\/","identifier":1,"image":{"@type":"ImageObject","@id":"https:\/\/secure.gravatar.com\/avatar\/ac70c9e5ac34d1687bd81eed3e0a5127e2920111fdfe832b53d740bc4b86c4fd?s=96&d=mm&r=g","url":"https:\/\/secure.gravatar.com\/avatar\/ac70c9e5ac34d1687bd81eed3e0a5127e2920111fdfe832b53d740bc4b86c4fd?s=96&d=mm&r=g","height":96,"width":96}},"publisher":{"@type":"Organization","name":"fasc.cz","logo":{"@type":"ImageObject","@id":"\/logo.png","url":"\/logo.png","width":600,"height":60}},"image":{"@type":"ImageObject","@id":"https:\/\/www.fasc.cz\/wp-content\/uploads\/solarium-1064815_1280.jpg","url":"https:\/\/www.fasc.cz\/wp-content\/uploads\/solarium-1064815_1280.jpg","height":0,"width":0},"keywords":null},{"@type":"Article","@id":"https:\/\/www.fasc.cz\/pujcovna-dodavek-brno-vam-pronajme-vuz-i-na-dovolenou\/","headline":"P\u016fj\u010dovna dod\u00e1vek Brno v\u00e1m pronajme v\u016fz i na dovolenou","url":"https:\/\/www.fasc.cz\/pujcovna-dodavek-brno-vam-pronajme-vuz-i-na-dovolenou\/","datePublished":"2020-06-20","dateModified":"2023-12-28","mainEntityOfPage":"https:\/\/www.fasc.cz\/pujcovna-dodavek-brno-vam-pronajme-vuz-i-na-dovolenou\/","author":{"@type":"Person","@id":"https:\/\/www.fasc.cz\/author\/#Person","name":"","url":"https:\/\/www.fasc.cz\/author\/","identifier":1,"image":{"@type":"ImageObject","@id":"https:\/\/secure.gravatar.com\/avatar\/ac70c9e5ac34d1687bd81eed3e0a5127e2920111fdfe832b53d740bc4b86c4fd?s=96&d=mm&r=g","url":"https:\/\/secure.gravatar.com\/avatar\/ac70c9e5ac34d1687bd81eed3e0a5127e2920111fdfe832b53d740bc4b86c4fd?s=96&d=mm&r=g","height":96,"width":96}},"publisher":{"@type":"Organization","name":"fasc.cz","logo":{"@type":"ImageObject","@id":"\/logo.png","url":"\/logo.png","width":600,"height":60}},"image":{"@type":"ImageObject","@id":"https:\/\/www.fasc.cz\/wp-content\/uploads\/ji%C5%BEn%C3%AD%20%C4%8Cechy.jpg","url":"https:\/\/www.fasc.cz\/wp-content\/uploads\/ji%C5%BEn%C3%AD%20%C4%8Cechy.jpg","height":0,"width":0},"keywords":null}]}