{"@context":"https:\/\/schema.org\/","@type":"CollectionPage","@id":"https:\/\/www.fasc.cz\/business\/#CollectionPage","headline":"Business Category","description":"","url":"https:\/\/www.fasc.cz\/business\/","hasPart":[{"@type":"Article","@id":"https:\/\/www.fasc.cz\/financni-ohodnoceni-za-praci\/","headline":"Finan\u010dn\u00ed ohodnocen\u00ed za pr\u00e1ci","url":"https:\/\/www.fasc.cz\/financni-ohodnoceni-za-praci\/","datePublished":"2021-07-13","dateModified":"2023-05-06","mainEntityOfPage":"https:\/\/www.fasc.cz\/financni-ohodnoceni-za-praci\/","author":{"@type":"Person","@id":"https:\/\/www.fasc.cz\/author\/#Person","name":"","url":"https:\/\/www.fasc.cz\/author\/","identifier":1,"image":{"@type":"ImageObject","@id":"https:\/\/secure.gravatar.com\/avatar\/ac70c9e5ac34d1687bd81eed3e0a5127e2920111fdfe832b53d740bc4b86c4fd?s=96&d=mm&r=g","url":"https:\/\/secure.gravatar.com\/avatar\/ac70c9e5ac34d1687bd81eed3e0a5127e2920111fdfe832b53d740bc4b86c4fd?s=96&d=mm&r=g","height":96,"width":96}},"publisher":{"@type":"Organization","name":"fasc.cz","logo":{"@type":"ImageObject","@id":"\/logo.png","url":"\/logo.png","width":600,"height":60}},"image":{"@type":"ImageObject","@id":"https:\/\/www.fasc.cz\/wp-content\/uploads\/pen%C4%9B%C5%BEenka%20s%20kartami_2.jpg","url":"https:\/\/www.fasc.cz\/wp-content\/uploads\/pen%C4%9B%C5%BEenka%20s%20kartami_2.jpg","height":0,"width":0},"keywords":null},{"@type":"Article","@id":"https:\/\/www.fasc.cz\/betonove-ploty-mohou-prispivat-k-lepsimu-zdravi\/","headline":"Betonov\u00e9 ploty mohou p\u0159isp\u00edvat k lep\u0161\u00edmu zdrav\u00ed","url":"https:\/\/www.fasc.cz\/betonove-ploty-mohou-prispivat-k-lepsimu-zdravi\/","datePublished":"2021-06-29","dateModified":"2023-05-06","mainEntityOfPage":"https:\/\/www.fasc.cz\/betonove-ploty-mohou-prispivat-k-lepsimu-zdravi\/","author":{"@type":"Person","@id":"https:\/\/www.fasc.cz\/author\/#Person","name":"","url":"https:\/\/www.fasc.cz\/author\/","identifier":1,"image":{"@type":"ImageObject","@id":"https:\/\/secure.gravatar.com\/avatar\/ac70c9e5ac34d1687bd81eed3e0a5127e2920111fdfe832b53d740bc4b86c4fd?s=96&d=mm&r=g","url":"https:\/\/secure.gravatar.com\/avatar\/ac70c9e5ac34d1687bd81eed3e0a5127e2920111fdfe832b53d740bc4b86c4fd?s=96&d=mm&r=g","height":96,"width":96}},"publisher":{"@type":"Organization","name":"fasc.cz","logo":{"@type":"ImageObject","@id":"\/logo.png","url":"\/logo.png","width":600,"height":60}},"image":{"@type":"ImageObject","@id":"https:\/\/www.fasc.cz\/wp-content\/uploads\/cihlov%C3%A1%20ze%C4%8F_3.JPG","url":"https:\/\/www.fasc.cz\/wp-content\/uploads\/cihlov%C3%A1%20ze%C4%8F_3.JPG","height":0,"width":0},"keywords":null},{"@type":"Article","@id":"https:\/\/www.fasc.cz\/i-zdrave-jidlo-je-dobre\/","headline":"I zdrav\u00e9 j\u00eddlo je dobr\u00e9","url":"https:\/\/www.fasc.cz\/i-zdrave-jidlo-je-dobre\/","datePublished":"2021-05-15","dateModified":"2023-05-06","mainEntityOfPage":"https:\/\/www.fasc.cz\/i-zdrave-jidlo-je-dobre\/","author":{"@type":"Person","@id":"https:\/\/www.fasc.cz\/author\/#Person","name":"","url":"https:\/\/www.fasc.cz\/author\/","identifier":1,"image":{"@type":"ImageObject","@id":"https:\/\/secure.gravatar.com\/avatar\/ac70c9e5ac34d1687bd81eed3e0a5127e2920111fdfe832b53d740bc4b86c4fd?s=96&d=mm&r=g","url":"https:\/\/secure.gravatar.com\/avatar\/ac70c9e5ac34d1687bd81eed3e0a5127e2920111fdfe832b53d740bc4b86c4fd?s=96&d=mm&r=g","height":96,"width":96}},"publisher":{"@type":"Organization","name":"fasc.cz","logo":{"@type":"ImageObject","@id":"\/logo.png","url":"\/logo.png","width":600,"height":60}},"image":{"@type":"ImageObject","@id":"https:\/\/www.fasc.cz\/wp-content\/uploads\/zdrav%C3%A9%20j%C3%ADdlo_4.PNG","url":"https:\/\/www.fasc.cz\/wp-content\/uploads\/zdrav%C3%A9%20j%C3%ADdlo_4.PNG","height":0,"width":0},"keywords":null},{"@type":"Article","@id":"https:\/\/www.fasc.cz\/co-takhle-hanna\/","headline":"Co takhle Hanna?","url":"https:\/\/www.fasc.cz\/co-takhle-hanna\/","datePublished":"2021-03-26","dateModified":"2023-05-06","mainEntityOfPage":"https:\/\/www.fasc.cz\/co-takhle-hanna\/","author":{"@type":"Person","@id":"https:\/\/www.fasc.cz\/author\/#Person","name":"","url":"https:\/\/www.fasc.cz\/author\/","identifier":1,"image":{"@type":"ImageObject","@id":"https:\/\/secure.gravatar.com\/avatar\/ac70c9e5ac34d1687bd81eed3e0a5127e2920111fdfe832b53d740bc4b86c4fd?s=96&d=mm&r=g","url":"https:\/\/secure.gravatar.com\/avatar\/ac70c9e5ac34d1687bd81eed3e0a5127e2920111fdfe832b53d740bc4b86c4fd?s=96&d=mm&r=g","height":96,"width":96}},"publisher":{"@type":"Organization","name":"fasc.cz","logo":{"@type":"ImageObject","@id":"\/logo.png","url":"\/logo.png","width":600,"height":60}},"image":{"@type":"ImageObject","@id":"https:\/\/www.fasc.cz\/wp-content\/uploads\/art399708_1x1_20260821_234039_Ioy5xi.jpg","url":"https:\/\/www.fasc.cz\/wp-content\/uploads\/art399708_1x1_20260821_234039_Ioy5xi.jpg","height":0,"width":0},"keywords":null},{"@type":"Article","@id":"https:\/\/www.fasc.cz\/villa-for-sale-golden-mile-marbella\/","headline":"Villa for sale golden mile marbella","url":"https:\/\/www.fasc.cz\/villa-for-sale-golden-mile-marbella\/","datePublished":"2021-03-13","dateModified":"2023-09-18","mainEntityOfPage":"https:\/\/www.fasc.cz\/villa-for-sale-golden-mile-marbella\/","author":{"@type":"Person","@id":"https:\/\/www.fasc.cz\/author\/#Person","name":"","url":"https:\/\/www.fasc.cz\/author\/","identifier":1,"image":{"@type":"ImageObject","@id":"https:\/\/secure.gravatar.com\/avatar\/ac70c9e5ac34d1687bd81eed3e0a5127e2920111fdfe832b53d740bc4b86c4fd?s=96&d=mm&r=g","url":"https:\/\/secure.gravatar.com\/avatar\/ac70c9e5ac34d1687bd81eed3e0a5127e2920111fdfe832b53d740bc4b86c4fd?s=96&d=mm&r=g","height":96,"width":96}},"publisher":{"@type":"Organization","name":"fasc.cz","logo":{"@type":"ImageObject","@id":"\/logo.png","url":"\/logo.png","width":600,"height":60}},"image":{"@type":"ImageObject","@id":"https:\/\/www.fasc.cz\/wp-content\/uploads\/art398357_16x9_20260816_204627_7UOxl8.jpg","url":"https:\/\/www.fasc.cz\/wp-content\/uploads\/art398357_16x9_20260816_204627_7UOxl8.jpg","height":0,"width":0},"keywords":null},{"@type":"Article","@id":"https:\/\/www.fasc.cz\/maji-pujcovny-privesu-jako-napriklad-pujcovna-privesu-praha-budoucnost\/","headline":"Maj\u00ed p\u016fj\u010dovny p\u0159\u00edv\u011bs\u016f, jako nap\u0159\u00edklad p\u016fj\u010dovna p\u0159\u00edv\u011bs\u016f Praha, budoucnost?","url":"https:\/\/www.fasc.cz\/maji-pujcovny-privesu-jako-napriklad-pujcovna-privesu-praha-budoucnost\/","datePublished":"2021-02-17","dateModified":"2023-05-06","mainEntityOfPage":"https:\/\/www.fasc.cz\/maji-pujcovny-privesu-jako-napriklad-pujcovna-privesu-praha-budoucnost\/","author":{"@type":"Person","@id":"https:\/\/www.fasc.cz\/author\/#Person","name":"","url":"https:\/\/www.fasc.cz\/author\/","identifier":1,"image":{"@type":"ImageObject","@id":"https:\/\/secure.gravatar.com\/avatar\/ac70c9e5ac34d1687bd81eed3e0a5127e2920111fdfe832b53d740bc4b86c4fd?s=96&d=mm&r=g","url":"https:\/\/secure.gravatar.com\/avatar\/ac70c9e5ac34d1687bd81eed3e0a5127e2920111fdfe832b53d740bc4b86c4fd?s=96&d=mm&r=g","height":96,"width":96}},"publisher":{"@type":"Organization","name":"fasc.cz","logo":{"@type":"ImageObject","@id":"\/logo.png","url":"\/logo.png","width":600,"height":60}},"image":{"@type":"ImageObject","@id":"https:\/\/www.fasc.cz\/wp-content\/uploads\/art397135_1x1_20260819_084220_rgQ7fU.jpg","url":"https:\/\/www.fasc.cz\/wp-content\/uploads\/art397135_1x1_20260819_084220_rgQ7fU.jpg","height":0,"width":0},"keywords":null},{"@type":"Article","@id":"https:\/\/www.fasc.cz\/kdo-provede-zemni-prace\/","headline":"Kdo provede zemn\u00ed pr\u00e1ce?","url":"https:\/\/www.fasc.cz\/kdo-provede-zemni-prace\/","datePublished":"2021-02-16","dateModified":"2023-05-06","mainEntityOfPage":"https:\/\/www.fasc.cz\/kdo-provede-zemni-prace\/","author":{"@type":"Person","@id":"https:\/\/www.fasc.cz\/author\/#Person","name":"","url":"https:\/\/www.fasc.cz\/author\/","identifier":1,"image":{"@type":"ImageObject","@id":"https:\/\/secure.gravatar.com\/avatar\/ac70c9e5ac34d1687bd81eed3e0a5127e2920111fdfe832b53d740bc4b86c4fd?s=96&d=mm&r=g","url":"https:\/\/secure.gravatar.com\/avatar\/ac70c9e5ac34d1687bd81eed3e0a5127e2920111fdfe832b53d740bc4b86c4fd?s=96&d=mm&r=g","height":96,"width":96}},"publisher":{"@type":"Organization","name":"fasc.cz","logo":{"@type":"ImageObject","@id":"\/logo.png","url":"\/logo.png","width":600,"height":60}},"image":{"@type":"ImageObject","@id":"https:\/\/www.fasc.cz\/wp-content\/uploads\/art396926_3x2_20260815_161303_u1ACQR.jpg","url":"https:\/\/www.fasc.cz\/wp-content\/uploads\/art396926_3x2_20260815_161303_u1ACQR.jpg","height":0,"width":0},"keywords":null},{"@type":"Article","@id":"https:\/\/www.fasc.cz\/prestehujte-se-bez-potizi\/","headline":"P\u0159est\u011bhujte se bez pot\u00ed\u017e\u00ed","url":"https:\/\/www.fasc.cz\/prestehujte-se-bez-potizi\/","datePublished":"2021-01-17","dateModified":"2023-05-06","mainEntityOfPage":"https:\/\/www.fasc.cz\/prestehujte-se-bez-potizi\/","author":{"@type":"Person","@id":"https:\/\/www.fasc.cz\/author\/#Person","name":"","url":"https:\/\/www.fasc.cz\/author\/","identifier":1,"image":{"@type":"ImageObject","@id":"https:\/\/secure.gravatar.com\/avatar\/ac70c9e5ac34d1687bd81eed3e0a5127e2920111fdfe832b53d740bc4b86c4fd?s=96&d=mm&r=g","url":"https:\/\/secure.gravatar.com\/avatar\/ac70c9e5ac34d1687bd81eed3e0a5127e2920111fdfe832b53d740bc4b86c4fd?s=96&d=mm&r=g","height":96,"width":96}},"publisher":{"@type":"Organization","name":"fasc.cz","logo":{"@type":"ImageObject","@id":"\/logo.png","url":"\/logo.png","width":600,"height":60}},"image":{"@type":"ImageObject","@id":"https:\/\/www.fasc.cz\/wp-content\/uploads\/art395678_16x9_20260816_181112_H4IKlt.jpg","url":"https:\/\/www.fasc.cz\/wp-content\/uploads\/art395678_16x9_20260816_181112_H4IKlt.jpg","height":0,"width":0},"keywords":null},{"@type":"Article","@id":"https:\/\/www.fasc.cz\/zacnete-podnikat-ve-sluzbach\/","headline":"Za\u010dn\u011bte podnikat ve slu\u017eb\u00e1ch","url":"https:\/\/www.fasc.cz\/zacnete-podnikat-ve-sluzbach\/","datePublished":"2020-10-13","dateModified":"2020-10-13","mainEntityOfPage":"https:\/\/www.fasc.cz\/zacnete-podnikat-ve-sluzbach\/","author":{"@type":"Person","@id":"https:\/\/www.fasc.cz\/author\/#Person","name":"","url":"https:\/\/www.fasc.cz\/author\/","identifier":1,"image":{"@type":"ImageObject","@id":"https:\/\/secure.gravatar.com\/avatar\/ac70c9e5ac34d1687bd81eed3e0a5127e2920111fdfe832b53d740bc4b86c4fd?s=96&d=mm&r=g","url":"https:\/\/secure.gravatar.com\/avatar\/ac70c9e5ac34d1687bd81eed3e0a5127e2920111fdfe832b53d740bc4b86c4fd?s=96&d=mm&r=g","height":96,"width":96}},"publisher":{"@type":"Organization","name":"fasc.cz","logo":{"@type":"ImageObject","@id":"\/logo.png","url":"\/logo.png","width":600,"height":60}},"image":{"@type":"ImageObject","@id":"https:\/\/www.fasc.cz\/wp-content\/uploads\/art279458_16x9_20260612_205014_J7S4Ww.jpg","url":"https:\/\/www.fasc.cz\/wp-content\/uploads\/art279458_16x9_20260612_205014_J7S4Ww.jpg","height":0,"width":0},"keywords":null},{"@type":"Article","@id":"https:\/\/www.fasc.cz\/poppers-se-vzdy-hodi\/","headline":"Poppers se v\u017edy hod\u00ed","url":"https:\/\/www.fasc.cz\/poppers-se-vzdy-hodi\/","datePublished":"2020-10-01","dateModified":"2023-10-11","mainEntityOfPage":"https:\/\/www.fasc.cz\/poppers-se-vzdy-hodi\/","author":{"@type":"Person","@id":"https:\/\/www.fasc.cz\/author\/#Person","name":"","url":"https:\/\/www.fasc.cz\/author\/","identifier":1,"image":{"@type":"ImageObject","@id":"https:\/\/secure.gravatar.com\/avatar\/ac70c9e5ac34d1687bd81eed3e0a5127e2920111fdfe832b53d740bc4b86c4fd?s=96&d=mm&r=g","url":"https:\/\/secure.gravatar.com\/avatar\/ac70c9e5ac34d1687bd81eed3e0a5127e2920111fdfe832b53d740bc4b86c4fd?s=96&d=mm&r=g","height":96,"width":96}},"publisher":{"@type":"Organization","name":"fasc.cz","logo":{"@type":"ImageObject","@id":"\/logo.png","url":"\/logo.png","width":600,"height":60}},"image":{"@type":"ImageObject","@id":"https:\/\/www.fasc.cz\/wp-content\/uploads\/art390898_3x2_20260811_105756_QtpUf4.jpg","url":"https:\/\/www.fasc.cz\/wp-content\/uploads\/art390898_3x2_20260811_105756_QtpUf4.jpg","height":0,"width":0},"keywords":null}]}