[{"@context":"https:\/\/schema.org\/","@type":"Article","@id":"https:\/\/www.fasc.cz\/bryle-jsou-dulezitou-soucasti\/#Article","mainEntityOfPage":"https:\/\/www.fasc.cz\/bryle-jsou-dulezitou-soucasti\/","headline":"Br\u00fdle jsou d\u016fle\u017eitou sou\u010d\u00e1st\u00ed","name":"Br\u00fdle jsou d\u016fle\u017eitou sou\u010d\u00e1st\u00ed","description":"O\u010di jsou d\u016fle\u017eit\u00fd org\u00e1n, kter\u00e9ho bychom si m\u011bli v\u00e1\u017eit a nepodce\u0148ovat jejich ochranu. I kdy\u017e na slune\u010dn\u00ed br\u00fdle nejste zvykl\u00ed, p\u0159e\u010dt\u011bte si nap\u0159\u00edklad tvrzen\u00ed o\u010dn\u00edch l\u00e9ka\u0159\u016f, pro\u010d bychom br\u00fdle nosit m\u011bli a sv\u016fj zrak si tak chr\u00e1nit p\u0159ed ne\u017e\u00e1douc\u00edmi slune\u010dn\u00edmi paprsky. Je st\u00e1le v\u00edce lidi\u010dek, kte\u0159\u00ed u\u017e pochopili, \u017ee je nutn\u00e9 si chr\u00e1nit i ple\u0165 [&hellip;]","datePublished":"2021-10-20","dateModified":"2023-05-06","author":{"@type":"Person","@id":"https:\/\/www.fasc.cz\/author\/#Person","name":"","url":"https:\/\/www.fasc.cz\/author\/","identifier":1,"image":{"@type":"ImageObject","@id":"https:\/\/secure.gravatar.com\/avatar\/ac70c9e5ac34d1687bd81eed3e0a5127e2920111fdfe832b53d740bc4b86c4fd?s=96&d=mm&r=g","url":"https:\/\/secure.gravatar.com\/avatar\/ac70c9e5ac34d1687bd81eed3e0a5127e2920111fdfe832b53d740bc4b86c4fd?s=96&d=mm&r=g","height":96,"width":96}},"publisher":{"@type":"Organization","name":"fasc.cz","logo":{"@type":"ImageObject","@id":"\/logo.png","url":"\/logo.png","width":600,"height":60}},"image":{"@type":"ImageObject","@id":"https:\/\/www.fasc.cz\/wp-content\/uploads\/eye-195684__340_1.jpg","url":"https:\/\/www.fasc.cz\/wp-content\/uploads\/eye-195684__340_1.jpg","height":0,"width":0},"url":"https:\/\/www.fasc.cz\/bryle-jsou-dulezitou-soucasti\/","about":["Zbo\u017e\u00ed"],"wordCount":427,"articleBody":"         O\u010di jsou d\u016fle\u017eit\u00fd org\u00e1n, kter\u00e9ho bychom si m\u011bli v\u00e1\u017eit a nepodce\u0148ovat jejich ochranu. I kdy\u017e na slune\u010dn\u00ed br\u00fdle nejste zvykl\u00ed, p\u0159e\u010dt\u011bte si nap\u0159\u00edklad tvrzen\u00ed o\u010dn\u00edch l\u00e9ka\u0159\u016f, pro\u010d bychom br\u00fdle nosit m\u011bli a sv\u016fj zrak si tak chr\u00e1nit p\u0159ed ne\u017e\u00e1douc\u00edmi slune\u010dn\u00edmi paprsky. Je st\u00e1le v\u00edce lidi\u010dek, kte\u0159\u00ed u\u017e pochopili, \u017ee je nutn\u00e9 si chr\u00e1nit i ple\u0165 a poko\u017eku za pomoci opalovac\u00edch kr\u00e9m\u016f s pot\u0159ebn\u00fdm Sun Protection Factor \u2013 \u010desky to znamen\u00e1 \u2013 ochrann\u00fdm slune\u010dn\u00edm faktorem, kter\u00fd sv\u00fdm slo\u017een\u00edm ud\u00e1v\u00e1, jak dlouho se m\u016f\u017eeme vystavovat slune\u010dn\u00edm paprsk\u016fm, ani\u017e by do\u0161lo k ne\u017e\u00e1douc\u00edmu po\u0161kozen\u00ed poko\u017eky. Jedn\u00e1 se o \u010d\u00edseln\u00fd \u00fadaj celkov\u00e9ho stupn\u011b ochrany proti ultrafialov\u00e9mu UV z\u00e1\u0159en\u00ed.Modern\u00ed maminky ji\u017e sv\u00e9 mal\u00e1 d\u00edtka chr\u00e1n\u00ed oble\u010den\u00edm a tak\u00e9 d\u011btsk\u00fdmi opalovac\u00edmi kr\u00e9my, ale tak\u00e9 u\u017e p\u0159id\u00e1vaj\u00ed d\u011btem do v\u00fdbavy k mo\u0159i slune\u010dn\u00ed br\u00fdle, proto\u017ee v\u011bd\u00ed, \u017ee zrak, zvl\u00e1\u0161t\u011b mal\u00fdch d\u011bt\u00ed, se mus\u00ed tak\u00e9 ochra\u0148ovat.Br\u00fdle vyb\u00edrejte sv\u00fdm ratolestem hlavn\u011b vesel\u00fdch tvar\u016f a barevn\u00e9, aby d\u011bti zaujaly a r\u00e1dy je nosily.I my, dosp\u011bl\u00ed, si m\u016f\u017eeme vyb\u00edrat z r\u016fzn\u00fdch tvar\u016f a porad\u00edme v\u00e1m jedny takov\u00e9, kter\u00e9 zaru\u010den\u011b zaujmou a budou slu\u0161et ka\u017ed\u00e9mu obli\u010deji.Chcete b\u00fdt zaj\u00edmav\u00ed? Pak volte hranat\u00e9 slune\u010dn\u00ed br\u00fdle Lux bryle, kter\u00e9 zaujmou na prvn\u00ed pohled nejen v\u00e1s, ale i ostatn\u00ed, kter\u00e9 potk\u00e1te \u2013 ti budou jen uznale k\u00fdvat hlavou \u2026Skv\u011bl\u00fdm m\u00f3dn\u00edm dopl\u0148kem ka\u017ed\u00e9 modern\u00ed \u017eeny jsou stylov\u00e9 slune\u010dn\u00ed br\u00fdle Samatha skv\u011bl\u00e9ho designu, jen\u017e jsou dod\u00e1v\u00e1ny ve dvou \u0161mrncovn\u00edch barv\u00e1ch, a to v barv\u011b klasick\u00e9 \u010dern\u00e9 a zaj\u00edmav\u00e9 hn\u011bd\u00e9. Br\u00fdle disponuj\u00ed dostate\u010dn\u00fdch UV filtrem na hranici \u010dty\u0159i sta UV. Jestli\u017ee si objedn\u00e1te tento skv\u011bl\u00fd dopln\u011bk, se kter\u00fdm, v\u011b\u0159\u00edme tomu, budete velmi spokojen\u00e1, z\u00edsk\u00e1te k n\u011bmu nav\u00edc d\u00e1rek zcela zdarma jako pod\u011bkov\u00e1n\u00ed za to, \u017ee v\u00e1m z\u00e1le\u017e\u00ed na va\u0161em zdrav\u00e9m zraku!Z\u00edsk\u00e1te kr\u00e1sn\u00e9 velurov\u00e9 pouzdro na br\u00fdle zna\u010dky Samantha zcela zdarma!!                                                                                                                                                                                                                                                                                                                                                                                          4\/5 - (7 votes)        "},{"@context":"https:\/\/schema.org\/","@type":"BreadcrumbList","itemListElement":[{"@type":"ListItem","position":1,"name":"Br\u00fdle jsou d\u016fle\u017eitou sou\u010d\u00e1st\u00ed","item":"https:\/\/www.fasc.cz\/bryle-jsou-dulezitou-soucasti\/#breadcrumbitem"}]}]