[{"@context":"https:\/\/schema.org\/","@type":"Blog","@id":"https:\/\/www.fasc.cz#Blog","headline":"Fasc","description":"\nVyvol\u00e1v\u00e1 ve v\u00e1s po\u010das\u00ed za okny spl\u00edn? Jste sklesl\u00ed a nev\u00edte co s\u00a0t\u00edm? I kdy\u017e je venku po\u010das\u00ed pod psa, d\u00edky na\u0161emu webu budete m\u00edt slunce v\u00a0du\u0161i.","url":"https:\/\/www.fasc.cz","hasPart":[{"@type":"Article","@id":"https:\/\/www.fasc.cz\/kratom-muze-dobre-poslouzit\/","headline":"Kratom m\u016f\u017ee dob\u0159e poslou\u017eit","url":"https:\/\/www.fasc.cz\/kratom-muze-dobre-poslouzit\/","datePublished":"2026-07-03","dateModified":"2026-07-03","mainEntityOfPage":"https:\/\/www.fasc.cz\/kratom-muze-dobre-poslouzit\/","author":{"@type":"Person","@id":"https:\/\/www.fasc.cz\/author\/#Person","name":"","url":"https:\/\/www.fasc.cz\/author\/","identifier":1,"image":{"@type":"ImageObject","@id":"https:\/\/secure.gravatar.com\/avatar\/ac70c9e5ac34d1687bd81eed3e0a5127e2920111fdfe832b53d740bc4b86c4fd?s=96&d=mm&r=g","url":"https:\/\/secure.gravatar.com\/avatar\/ac70c9e5ac34d1687bd81eed3e0a5127e2920111fdfe832b53d740bc4b86c4fd?s=96&d=mm&r=g","height":96,"width":96}},"publisher":{"@type":"Organization","name":"fasc.cz","logo":{"@type":"ImageObject","@id":"\/logo.png","url":"\/logo.png","width":600,"height":60}},"image":{"@type":"ImageObject","@id":"https:\/\/www.fasc.cz\/wp-content\/uploads\/kkkkkk_10_10_10_10_5.jpg","url":"https:\/\/www.fasc.cz\/wp-content\/uploads\/kkkkkk_10_10_10_10_5.jpg","height":0,"width":0},"wordCount":583,"keywords":null},{"@type":"Article","@id":"https:\/\/www.fasc.cz\/chuze-po-schodech-pro-radost-ze-zivota\/","headline":"Ch\u016fze po schodech pro radost ze \u017eivota","url":"https:\/\/www.fasc.cz\/chuze-po-schodech-pro-radost-ze-zivota\/","datePublished":"2026-06-16","dateModified":"2026-06-16","mainEntityOfPage":"https:\/\/www.fasc.cz\/chuze-po-schodech-pro-radost-ze-zivota\/","author":{"@type":"Person","@id":"https:\/\/www.fasc.cz\/author\/#Person","name":"","url":"https:\/\/www.fasc.cz\/author\/","identifier":1,"image":{"@type":"ImageObject","@id":"https:\/\/secure.gravatar.com\/avatar\/ac70c9e5ac34d1687bd81eed3e0a5127e2920111fdfe832b53d740bc4b86c4fd?s=96&d=mm&r=g","url":"https:\/\/secure.gravatar.com\/avatar\/ac70c9e5ac34d1687bd81eed3e0a5127e2920111fdfe832b53d740bc4b86c4fd?s=96&d=mm&r=g","height":96,"width":96}},"publisher":{"@type":"Organization","name":"fasc.cz","logo":{"@type":"ImageObject","@id":"\/logo.png","url":"\/logo.png","width":600,"height":60}},"image":{"@type":"ImageObject","@id":"https:\/\/www.fasc.cz\/wp-content\/uploads\/16692474-stairway-5551641_640_2.jpg","url":"https:\/\/www.fasc.cz\/wp-content\/uploads\/16692474-stairway-5551641_640_2.jpg","height":0,"width":0},"wordCount":631,"keywords":null},{"@type":"Article","@id":"https:\/\/www.fasc.cz\/klicove-zvazeni-pro-dosazeni-uspechu-na-amazonu\/","headline":"Kl\u00ed\u010dov\u00e9 zv\u00e1\u017een\u00ed pro dosa\u017een\u00ed \u00fasp\u011bchu na Amazonu","url":"https:\/\/www.fasc.cz\/klicove-zvazeni-pro-dosazeni-uspechu-na-amazonu\/","datePublished":"2026-05-21","dateModified":"2026-05-21","mainEntityOfPage":"https:\/\/www.fasc.cz\/klicove-zvazeni-pro-dosazeni-uspechu-na-amazonu\/","author":{"@type":"Person","@id":"https:\/\/www.fasc.cz\/author\/#Person","name":"","url":"https:\/\/www.fasc.cz\/author\/","identifier":1,"image":{"@type":"ImageObject","@id":"https:\/\/secure.gravatar.com\/avatar\/ac70c9e5ac34d1687bd81eed3e0a5127e2920111fdfe832b53d740bc4b86c4fd?s=96&d=mm&r=g","url":"https:\/\/secure.gravatar.com\/avatar\/ac70c9e5ac34d1687bd81eed3e0a5127e2920111fdfe832b53d740bc4b86c4fd?s=96&d=mm&r=g","height":96,"width":96}},"publisher":{"@type":"Organization","name":"fasc.cz","logo":{"@type":"ImageObject","@id":"\/logo.png","url":"\/logo.png","width":600,"height":60}},"image":{"@type":"ImageObject","@id":"https:\/\/www.fasc.cz\/wp-content\/uploads\/art340913_4x3_20260821_033404_DUkVT9.jpg","url":"https:\/\/www.fasc.cz\/wp-content\/uploads\/art340913_4x3_20260821_033404_DUkVT9.jpg","height":0,"width":0},"wordCount":901,"keywords":null},{"@type":"Article","@id":"https:\/\/www.fasc.cz\/kde-si-vzit-pujcku\/","headline":"Kde si vz\u00edt p\u016fj\u010dku?","url":"https:\/\/www.fasc.cz\/kde-si-vzit-pujcku\/","datePublished":"2026-05-11","dateModified":"2026-05-11","mainEntityOfPage":"https:\/\/www.fasc.cz\/kde-si-vzit-pujcku\/","author":{"@type":"Person","@id":"https:\/\/www.fasc.cz\/author\/#Person","name":"","url":"https:\/\/www.fasc.cz\/author\/","identifier":1,"image":{"@type":"ImageObject","@id":"https:\/\/secure.gravatar.com\/avatar\/ac70c9e5ac34d1687bd81eed3e0a5127e2920111fdfe832b53d740bc4b86c4fd?s=96&d=mm&r=g","url":"https:\/\/secure.gravatar.com\/avatar\/ac70c9e5ac34d1687bd81eed3e0a5127e2920111fdfe832b53d740bc4b86c4fd?s=96&d=mm&r=g","height":96,"width":96}},"publisher":{"@type":"Organization","name":"fasc.cz","logo":{"@type":"ImageObject","@id":"\/logo.png","url":"\/logo.png","width":600,"height":60}},"image":{"@type":"ImageObject","@id":"https:\/\/www.fasc.cz\/wp-content\/uploads\/ppppppppppppppppppppppppppppppppppppppppppppppppppppppppppppppppppppppppppppppppppppppppppppppp_8.jpg","url":"https:\/\/www.fasc.cz\/wp-content\/uploads\/ppppppppppppppppppppppppppppppppppppppppppppppppppppppppppppppppppppppppppppppppppppppppppppppp_8.jpg","height":0,"width":0},"wordCount":592,"keywords":null},{"@type":"Article","@id":"https:\/\/www.fasc.cz\/zimni-dovolena-lyzarske-lokality\/","headline":"Zimn\u00ed dovolen\u00e1: ly\u017ea\u0159sk\u00e9 lokality","url":"https:\/\/www.fasc.cz\/zimni-dovolena-lyzarske-lokality\/","datePublished":"2026-02-08","dateModified":"2026-02-08","mainEntityOfPage":"https:\/\/www.fasc.cz\/zimni-dovolena-lyzarske-lokality\/","author":{"@type":"Person","@id":"https:\/\/www.fasc.cz\/author\/#Person","name":"","url":"https:\/\/www.fasc.cz\/author\/","identifier":1,"image":{"@type":"ImageObject","@id":"https:\/\/secure.gravatar.com\/avatar\/ac70c9e5ac34d1687bd81eed3e0a5127e2920111fdfe832b53d740bc4b86c4fd?s=96&d=mm&r=g","url":"https:\/\/secure.gravatar.com\/avatar\/ac70c9e5ac34d1687bd81eed3e0a5127e2920111fdfe832b53d740bc4b86c4fd?s=96&d=mm&r=g","height":96,"width":96}},"publisher":{"@type":"Organization","name":"fasc.cz","logo":{"@type":"ImageObject","@id":"\/logo.png","url":"\/logo.png","width":600,"height":60}},"image":null,"wordCount":484,"keywords":null},{"@type":"Article","@id":"https:\/\/www.fasc.cz\/sport-by-nemel-bolet\/","headline":"Sport by nem\u011bl \u201ebolet\u201c","url":"https:\/\/www.fasc.cz\/sport-by-nemel-bolet\/","datePublished":"2025-11-28","dateModified":"2025-11-28","mainEntityOfPage":"https:\/\/www.fasc.cz\/sport-by-nemel-bolet\/","author":{"@type":"Person","@id":"https:\/\/www.fasc.cz\/author\/#Person","name":"","url":"https:\/\/www.fasc.cz\/author\/","identifier":1,"image":{"@type":"ImageObject","@id":"https:\/\/secure.gravatar.com\/avatar\/ac70c9e5ac34d1687bd81eed3e0a5127e2920111fdfe832b53d740bc4b86c4fd?s=96&d=mm&r=g","url":"https:\/\/secure.gravatar.com\/avatar\/ac70c9e5ac34d1687bd81eed3e0a5127e2920111fdfe832b53d740bc4b86c4fd?s=96&d=mm&r=g","height":96,"width":96}},"publisher":{"@type":"Organization","name":"fasc.cz","logo":{"@type":"ImageObject","@id":"\/logo.png","url":"\/logo.png","width":600,"height":60}},"image":{"@type":"ImageObject","@id":"https:\/\/www.fasc.cz\/wp-content\/uploads\/img_a288838_w2174_t1499889200.jpg","url":"https:\/\/www.fasc.cz\/wp-content\/uploads\/img_a288838_w2174_t1499889200.jpg","height":0,"width":0},"wordCount":610,"keywords":null},{"@type":"Article","@id":"https:\/\/www.fasc.cz\/vychytavky-pro-rekonstrukci\/","headline":"Vychyt\u00e1vky pro rekonstrukci","url":"https:\/\/www.fasc.cz\/vychytavky-pro-rekonstrukci\/","datePublished":"2025-11-26","dateModified":"2025-11-26","mainEntityOfPage":"https:\/\/www.fasc.cz\/vychytavky-pro-rekonstrukci\/","author":{"@type":"Person","@id":"https:\/\/www.fasc.cz\/author\/#Person","name":"","url":"https:\/\/www.fasc.cz\/author\/","identifier":1,"image":{"@type":"ImageObject","@id":"https:\/\/secure.gravatar.com\/avatar\/ac70c9e5ac34d1687bd81eed3e0a5127e2920111fdfe832b53d740bc4b86c4fd?s=96&d=mm&r=g","url":"https:\/\/secure.gravatar.com\/avatar\/ac70c9e5ac34d1687bd81eed3e0a5127e2920111fdfe832b53d740bc4b86c4fd?s=96&d=mm&r=g","height":96,"width":96}},"publisher":{"@type":"Organization","name":"fasc.cz","logo":{"@type":"ImageObject","@id":"\/logo.png","url":"\/logo.png","width":600,"height":60}},"image":{"@type":"ImageObject","@id":"https:\/\/www.fasc.cz\/wp-content\/uploads\/img_a315727_w2580_t1526587041.jpg","url":"https:\/\/www.fasc.cz\/wp-content\/uploads\/img_a315727_w2580_t1526587041.jpg","height":0,"width":0},"wordCount":486,"keywords":null},{"@type":"Article","@id":"https:\/\/www.fasc.cz\/muzete-je-dodatecne-vymenit\/","headline":"M\u016f\u017eete je dodate\u010dn\u011b vym\u011bnit","url":"https:\/\/www.fasc.cz\/muzete-je-dodatecne-vymenit\/","datePublished":"2025-08-28","dateModified":"2025-08-28","mainEntityOfPage":"https:\/\/www.fasc.cz\/muzete-je-dodatecne-vymenit\/","author":{"@type":"Person","@id":"https:\/\/www.fasc.cz\/author\/#Person","name":"","url":"https:\/\/www.fasc.cz\/author\/","identifier":1,"image":{"@type":"ImageObject","@id":"https:\/\/secure.gravatar.com\/avatar\/ac70c9e5ac34d1687bd81eed3e0a5127e2920111fdfe832b53d740bc4b86c4fd?s=96&d=mm&r=g","url":"https:\/\/secure.gravatar.com\/avatar\/ac70c9e5ac34d1687bd81eed3e0a5127e2920111fdfe832b53d740bc4b86c4fd?s=96&d=mm&r=g","height":96,"width":96}},"publisher":{"@type":"Organization","name":"fasc.cz","logo":{"@type":"ImageObject","@id":"\/logo.png","url":"\/logo.png","width":600,"height":60}},"image":null,"wordCount":216,"keywords":null},{"@type":"Article","@id":"https:\/\/www.fasc.cz\/spickove-vybaveni\/","headline":"\u0160pi\u010dkov\u00e9 vybaven\u00ed","url":"https:\/\/www.fasc.cz\/spickove-vybaveni\/","datePublished":"2025-08-23","dateModified":"2025-08-23","mainEntityOfPage":"https:\/\/www.fasc.cz\/spickove-vybaveni\/","author":{"@type":"Person","@id":"https:\/\/www.fasc.cz\/author\/#Person","name":"","url":"https:\/\/www.fasc.cz\/author\/","identifier":1,"image":{"@type":"ImageObject","@id":"https:\/\/secure.gravatar.com\/avatar\/ac70c9e5ac34d1687bd81eed3e0a5127e2920111fdfe832b53d740bc4b86c4fd?s=96&d=mm&r=g","url":"https:\/\/secure.gravatar.com\/avatar\/ac70c9e5ac34d1687bd81eed3e0a5127e2920111fdfe832b53d740bc4b86c4fd?s=96&d=mm&r=g","height":96,"width":96}},"publisher":{"@type":"Organization","name":"fasc.cz","logo":{"@type":"ImageObject","@id":"\/logo.png","url":"\/logo.png","width":600,"height":60}},"image":null,"wordCount":207,"keywords":null},{"@type":"Article","@id":"https:\/\/www.fasc.cz\/postarejte-se-o-vse-kvalitne\/","headline":"Postarejte se o v\u0161e kvalitn\u011b","url":"https:\/\/www.fasc.cz\/postarejte-se-o-vse-kvalitne\/","datePublished":"2025-08-12","dateModified":"2025-08-12","mainEntityOfPage":"https:\/\/www.fasc.cz\/postarejte-se-o-vse-kvalitne\/","author":{"@type":"Person","@id":"https:\/\/www.fasc.cz\/author\/#Person","name":"","url":"https:\/\/www.fasc.cz\/author\/","identifier":1,"image":{"@type":"ImageObject","@id":"https:\/\/secure.gravatar.com\/avatar\/ac70c9e5ac34d1687bd81eed3e0a5127e2920111fdfe832b53d740bc4b86c4fd?s=96&d=mm&r=g","url":"https:\/\/secure.gravatar.com\/avatar\/ac70c9e5ac34d1687bd81eed3e0a5127e2920111fdfe832b53d740bc4b86c4fd?s=96&d=mm&r=g","height":96,"width":96}},"publisher":{"@type":"Organization","name":"fasc.cz","logo":{"@type":"ImageObject","@id":"\/logo.png","url":"\/logo.png","width":600,"height":60}},"image":null,"wordCount":224,"keywords":null}]},{"@context":"https:\/\/schema.org","@type":"WebSite","@id":"https:\/\/www.fasc.cz\/#website","name":"Fasc","url":"https:\/\/www.fasc.cz","potentialAction":{"@type":"SearchAction","target":"https:\/\/www.fasc.cz\/?s={search_term_string}","query-input":"required name=search_term_string"}}]